{"id":295068,"date":"2011-03-19T05:29:28","date_gmt":"2011-03-19T04:29:28","guid":{"rendered":"https:\/\/www.focolare.org\/italia-con-el-calor-de-un-pueblo\/"},"modified":"2024-05-13T20:51:59","modified_gmt":"2024-05-13T18:51:59","slug":"italia-con-el-calor-de-un-pueblo","status":"publish","type":"post","link":"https:\/\/www.focolare.org\/es\/italia-con-el-calor-de-un-pueblo\/","title":{"rendered":"Italia. Con el calor de un pueblo"},"content":{"rendered":"<p><em>La fraternidad, la exigencia de di\u00e1logo, la atenci\u00f3n a los \u00faltimos, \u00a0la urgencia de legalidad. El tercer aniversario de la partida de Chiara para el Cielo le sirvi\u00f3 a las comunidades de los Focolares presentes en Italia para afrontar temas que est\u00e1n en el coraz\u00f3n del pueblo italiano a la luz de la espiritualidad de comuni\u00f3n.<\/em>  <img alt=\"\" alt=\"\" loading=\"lazy\" decoding=\"async\" class=\"size-200x200 wp-image-29075 alignleft\" style=\"margin-right: 10px;border: 0pt none\" src=\"https:\/\/www.focolare.org\/wp-content\/uploads\/2011\/03\/20110319-04-200x128.jpg\" alt=\"\" width=\"200\" height=\"128\" \/>En <strong>Brescia<\/strong>, por ejemplo, decidieron recordar a la fundadora del Movimiento de los Focolares con una mesa redonda con el t\u00edtulo <strong>\u201cChiara Lubich, una vida por la unidad. <\/strong><strong>El reto de la fraternidad\u201d. <\/strong>En <strong>Mil\u00e1n <\/strong>fue el cardenal Dionigi Tettamanzi quien presidi\u00f3 la Santa Misa en la Bas\u00edlica de San Ambrosio. Pero en todas las m\u00e1s importantes ciudades de Lombard\u00eda recordaron a Chiara, a tres a\u00f1os de su partida para el cielo.  Tambi\u00e9n <strong>en Roma, <\/strong>se rindi\u00f3 homenaje a Lubich, subrayando las grandes v\u00edas di di\u00e1logo de su carisma. <strong>\u201cChiara Lubich, una mujer en di\u00e1logo. <\/strong><strong>Elementos para el di\u00e1logo interreligioso y con el mundo de la cultura contempor\u00e1nea\u201d: <\/strong>era el t\u00edtulo de un encuentro que tuvo lugar en el prestigioso Palacio de la Canciller\u00eda. Tomaron la palabra dos mujeres: una hebrea \u2013Lisa Palmieri Billing de la American Jewish Committee y una musulmana, Shahrzad Houshmand, docente de estudios isl\u00e1micos de la Universidad Gregoriana.  Conciertos, misas, presentaci\u00f3n de libros, encuentros sobre distintos temas. Incluso un tour por la ciudad para descubrir <strong>\u201cLa Roma de Chiara\u201d <\/strong>guiado por<strong> <\/strong>Oreste Paliotti. De este modo la capital le rindi\u00f3 homenaje con un denso programa que si fue desplegado por toda la ciudad. \u201cLa propuesta de estos eventos, a tres a\u00f1os de distancia del fallecimiento de Chiara Lubich -explicaron los promotores de las varias iniciativas-, quiere poner en evidencia la vida de la comunidad romana de los Focolares que est\u00e1 presente capilarmente en los ambientes m\u00e1s diversos y en varios municipios y barridas de esta ciudad\u201d. (<a href=\"http:\/\/www.romaamor.it\">www.romaamor.it<\/a>).  Tambi\u00e9n in Italia Central, fueron muchas las iniciativas locales organizadas, en <strong>Abruzo <\/strong>y en Cerde\u00f1a. S\u00f3lo en la Regi\u00f3n de <strong>Lacio, <\/strong>se programaron 18 eventos para recordar a Chiara. Tambi\u00e9n aqu\u00ed se celebraron misas, encuentros con la comunidad, presentaci\u00f3n de libros y mesas redondas sobre distintos temas, organizados en forma capilar, tambi\u00e9n en las peque\u00f1as ciudades de la regi\u00f3n.\u00a0 Desde Poggio Mirteto hasta Tusc\u00e1nica hasta el litoral romano.<\/p>\n","protected":false},"excerpt":{"rendered":"<p>Italia, patria de Chiara Lubich, tierra desde donde se difundi\u00f3 en todo el mundo el Carisma de la unidad, brind\u00f3 un homenaje a la fundadora del Movimiento de los Focolares con el calor de un pueblo y una cultura que sabe mirar a los retos de su presente.<\/p>\n","protected":false},"author":34,"featured_media":0,"comment_status":"open","ping_status":"open","sticky":false,"template":"","format":"standard","meta":{"give_campaign_id":0,"_seopress_robots_primary_cat":"","_seopress_titles_title":"","_seopress_titles_desc":"","_seopress_robots_index":"","_et_pb_use_builder":"","_et_pb_old_content":"","_et_gb_content_width":"","footnotes":""},"categories":[904],"tags":[],"class_list":["post-295068","post","type-post","status-publish","format-standard","hentry","category-focolare-worldwide-2-2"],"_links":{"self":[{"href":"https:\/\/www.focolare.org\/es\/wp-json\/wp\/v2\/posts\/295068","targetHints":{"allow":["GET"]}}],"collection":[{"href":"https:\/\/www.focolare.org\/es\/wp-json\/wp\/v2\/posts"}],"about":[{"href":"https:\/\/www.focolare.org\/es\/wp-json\/wp\/v2\/types\/post"}],"author":[{"embeddable":true,"href":"https:\/\/www.focolare.org\/es\/wp-json\/wp\/v2\/users\/34"}],"replies":[{"embeddable":true,"href":"https:\/\/www.focolare.org\/es\/wp-json\/wp\/v2\/comments?post=295068"}],"version-history":[{"count":0,"href":"https:\/\/www.focolare.org\/es\/wp-json\/wp\/v2\/posts\/295068\/revisions"}],"wp:attachment":[{"href":"https:\/\/www.focolare.org\/es\/wp-json\/wp\/v2\/media?parent=295068"}],"wp:term":[{"taxonomy":"category","embeddable":true,"href":"https:\/\/www.focolare.org\/es\/wp-json\/wp\/v2\/categories?post=295068"},{"taxonomy":"post_tag","embeddable":true,"href":"https:\/\/www.focolare.org\/es\/wp-json\/wp\/v2\/tags?post=295068"}],"curies":[{"name":"wp","href":"https:\/\/api.w.org\/{rel}","templated":true}]}}