{"id":295130,"date":"2011-03-29T05:00:38","date_gmt":"2011-03-29T03:00:38","guid":{"rendered":"https:\/\/www.focolare.org\/amazonas-escuela-de-formacion-politica-para-jovenes\/"},"modified":"2024-05-13T20:52:07","modified_gmt":"2024-05-13T18:52:07","slug":"amazonas-escuela-de-formacion-politica-para-jovenes","status":"publish","type":"post","link":"https:\/\/www.focolare.org\/es\/amazonas-escuela-de-formacion-politica-para-jovenes\/","title":{"rendered":"Amazonas: escuela de formaci\u00f3n pol\u00edtica para j\u00f3venes"},"content":{"rendered":"<p><p><a href=\"https:\/\/www.focolare.org\/wp-content\/uploads\/2011\/03\/20110328-01.jpg\"><img alt=\"\" alt=\"\" loading=\"lazy\" decoding=\"async\" class=\"alignleft size-large wp-image-30209\" style=\"border: 0pt none;margin: 5px\" src=\"https:\/\/www.focolare.org\/wp-content\/uploads\/2011\/03\/20110328-01-200x121.jpg\" alt=\"\" width=\"200\" height=\"121\" \/><\/a>Un surtido grupo de j\u00f3venes que se encuentra un s\u00e1bado por la ma\u00f1ana para debatir de pol\u00edtica. Puede parecer poco corriente pero sucedi\u00f3 el 12 de marzo, en Manaus, la industriosa capital del Estado de Amazonas, en el r\u00edo Amazonas, una de las ciudades m\u00e1s importantes del norte de Brasil. Tierra rica de bellezas naturales y de folclore, que representa el punto de partida para descubrir elfabuloso mundo amaz\u00f3nico brasile\u00f1o.<\/p>\n<p>Son las 09\u201900 de la ma\u00f1ana y el <em>F\u00f3rum Hehoch Reis <\/em>ofrece la lecci\u00f3n inaugural del <strong><a href=\"http:\/\/www.mppu.org.br\/novo\/index.php?option=com_content&amp;view=article&amp;id=77:aula-inaugural-da-segunda-turma-da-escola-civitas-em-manaus&amp;catid=39:manaus\" target=\"_blank\" rel=\"noopener\">segundo ciclo de la <em>Escola<span style=\"color: #000000\"> Civit<\/span><\/em><\/a><\/strong><em><strong><a href=\"http:\/\/www.mppu.org.br\/novo\/index.php?option=com_content&amp;view=article&amp;id=77:aula-inaugural-da-segunda-turma-da-escola-civitas-em-manaus&amp;catid=39:manaus\" target=\"_blank\" rel=\"noopener\"><span style=\"color: #000000\">a<\/span><\/a><\/strong>, <\/em>un recorrido formativo bianual, promovido por el <a href=\"http:\/\/www.mppu.org.br\/novo\/index.php?option=com_content&amp;view=article&amp;id=77:aula-inaugural-da-segunda-turma-da-escola-civitas-em-manaus&amp;catid=39:manaus\" target=\"_blank\" rel=\"noopener\"><strong>Movimiento pol\u00edtico por la Unidad en Brasil<\/strong><\/a><span style=\"text-decoration: underline\"> <\/span>y dirigido a j\u00f3venes entre 19 y 29 a\u00f1os para la adquisici\u00f3n de una ciudadan\u00eda responsable y un acercamiento consciente a la vida p\u00fablica.<\/p>\n<p>Los estudiantes que participan no hacen referencia a un credo religioso espec\u00edfico, ni a un partido pol\u00edtico. Exigentes expectativas las suyas: para una estudiante, Itagi\u00e7ara Caucana, <em>\u201ceste espacio formativo da la oportunidad de conocer mejor la pol\u00edtica local\u201d<\/em>, y para otro estudiante, Vitor Kaleb, <em>\u201cquisiera entender cual ser\u00e1 la propuesta pol\u00edtica para las nuevas generaciones y espero con fuerza un gran cambio de los escenarios pol\u00edticos actuales\u201d .<\/em><\/p>\n<p>Diez profesores de \u00e1reas espec\u00edficas, cuatro tutores y m\u00e1s de 20 estudiantes: esta es la consistencia<a href=\"https:\/\/www.focolare.org\/wp-content\/uploads\/2011\/03\/20110328-02.jpg\"><img alt=\"\" alt=\"\" loading=\"lazy\" decoding=\"async\" class=\"alignright size-large wp-image-30212\" style=\"border: 0pt none;margin: 5px\" src=\"https:\/\/www.focolare.org\/wp-content\/uploads\/2011\/03\/20110328-02-200x121.jpg\" alt=\"\" width=\"218\" height=\"132\" \/><\/a> de la nueva comunidad de aprendizaje que ha dado inicio en Manaus. Entre los docentes, se encuentran tambi\u00e9n algunos pol\u00edticos, como el diputado estatal Jos\u00e9 Ricardo y la embajadora Socorro Guedes.<\/p>\n<p>En el evento estaban presentes, junto al presidente nacional del Mppu de Brasil, Sergio Prevido, el obispo Mons. Mario, el vicerrector de la Universidad federal del Amazonas, Hedinaldo Lima, pol\u00edticos, profesionales, y tambi\u00e9n antiguos alumnos del ciclo anterior de la Escola Civita (curso iniciado en el 2007 en el que participaron 25 estudiantes).<\/p>\n<p>La <em>Escola Civita,<\/em> de Manaus, es una de las 11 presentes en 10 Estados de Brasil, que cuentan en total con m\u00e1s de 100 participantes. El programa incluye m\u00f3dulos formativos, proyectos de acci\u00f3n local y seminarios, en los que se profundizan temas relacionados con la situaci\u00f3n socio-pol\u00edtica brasile\u00f1a y geopol\u00edtica latinoamericana. El curso se impartir\u00e1 semanalmente en la Universidad Federal del Amazonas, en Adrian\u00f3polis.<\/p>\n<p>Presentes en distintas partes del mundo (Argentina, Corea, Italia), estas escuelas del <a href=\"http:\/\/www.mppu.org\/\" target=\"_blank\" rel=\"noopener\">Mppu<\/a>, respetando el contexto sociopol\u00edtico y cultural del pa\u00eds en el que est\u00e1n injertadas, miran a un objetivo com\u00fan: profundizar y practicar una pol\u00edtica entendida como servicio a la unidad de la familia humana.<\/p><\/p>\n","protected":false},"excerpt":{"rendered":"<p>Inicia, en Manaus, el segundo ciclo de la Escola Civita, una de las 11 presentes en Brasil. Un original camino formativo de dos a\u00f1os, promovido por el Movimiento Pol\u00edtico por la Unidad (Mppu).<\/p>\n","protected":false},"author":34,"featured_media":0,"comment_status":"open","ping_status":"open","sticky":false,"template":"","format":"standard","meta":{"give_campaign_id":0,"_seopress_robots_primary_cat":"","_seopress_titles_title":"","_seopress_titles_desc":"","_seopress_robots_index":"","_et_pb_use_builder":"","_et_pb_old_content":"","_et_gb_content_width":"","footnotes":""},"categories":[904],"tags":[],"class_list":["post-295130","post","type-post","status-publish","format-standard","hentry","category-focolare-worldwide-2-2"],"_links":{"self":[{"href":"https:\/\/www.focolare.org\/es\/wp-json\/wp\/v2\/posts\/295130","targetHints":{"allow":["GET"]}}],"collection":[{"href":"https:\/\/www.focolare.org\/es\/wp-json\/wp\/v2\/posts"}],"about":[{"href":"https:\/\/www.focolare.org\/es\/wp-json\/wp\/v2\/types\/post"}],"author":[{"embeddable":true,"href":"https:\/\/www.focolare.org\/es\/wp-json\/wp\/v2\/users\/34"}],"replies":[{"embeddable":true,"href":"https:\/\/www.focolare.org\/es\/wp-json\/wp\/v2\/comments?post=295130"}],"version-history":[{"count":0,"href":"https:\/\/www.focolare.org\/es\/wp-json\/wp\/v2\/posts\/295130\/revisions"}],"wp:attachment":[{"href":"https:\/\/www.focolare.org\/es\/wp-json\/wp\/v2\/media?parent=295130"}],"wp:term":[{"taxonomy":"category","embeddable":true,"href":"https:\/\/www.focolare.org\/es\/wp-json\/wp\/v2\/categories?post=295130"},{"taxonomy":"post_tag","embeddable":true,"href":"https:\/\/www.focolare.org\/es\/wp-json\/wp\/v2\/tags?post=295130"}],"curies":[{"name":"wp","href":"https:\/\/api.w.org\/{rel}","templated":true}]}}