{"id":295142,"date":"2011-04-01T06:33:31","date_gmt":"2011-04-01T04:33:31","guid":{"rendered":"https:\/\/www.focolare.org\/tercer-aniversario-de-chiara-en-arequipa\/"},"modified":"2024-05-13T20:52:08","modified_gmt":"2024-05-13T18:52:08","slug":"tercer-aniversario-de-chiara-en-arequipa","status":"publish","type":"post","link":"https:\/\/www.focolare.org\/es\/tercer-aniversario-de-chiara-en-arequipa\/","title":{"rendered":"Tercer Aniversario de Chiara en Arequipa"},"content":{"rendered":"<p><img alt=\"\" alt=\"\" loading=\"lazy\" decoding=\"async\" class=\"alignright size-200x200 wp-image-30629\" style=\"border: 0pt none;margin: 5px\" src=\"https:\/\/www.focolare.org\/wp-content\/uploads\/2011\/04\/20110401-a-200x128.jpg\" alt=\"\" width=\"200\" height=\"128\" \/>El Jueves 31 de marzo, en la <strong>Catedral de Arequipa<\/strong> (Per\u00fa), Monse\u00f1or Javier del R\u00edo, obispo de Arequipa, celebr\u00f3 la S. Misa por Chiara.  El mismo d\u00eda, en el marco de la celebraci\u00f3n de los 50 a\u00f1os de la <a href=\"http:\/\/www.ucsm.edu.pe\/\" target=\"_blank\" rel=\"noopener\"><strong>Universidad Cat\u00f3lica Santa Mar\u00eda<\/strong><\/a>, se rindi\u00f3 homenaje a Chiara Lubich en su tercer aniversario, a trav\u00e9s de una conferencia sobre <strong><a href=\"http:\/\/www.edc-online.org\/es.html\" target=\"_blank\" rel=\"noopener\">Econom\u00eda de Comuni\u00f3n<\/a><\/strong>. La ponencia fue realizada por  el Licenciado Hugo Marroqu\u00edn Rivero, docente de la  <strong><a href=\"http:\/\/www.up.edu.pe\/\" target=\"_blank\" rel=\"noopener\">Universidad del Pac\u00edfico<\/a><\/strong> de Lima, que adhiere a  la  EdC.  <img alt=\"\" alt=\"\" loading=\"lazy\" decoding=\"async\" class=\"alignleft size-200x200 wp-image-30632\" style=\"border: 0pt none;margin: 5px\" src=\"https:\/\/www.focolare.org\/wp-content\/uploads\/2011\/04\/20110401-b-200x128.jpg\" alt=\"\" width=\"200\" height=\"128\" \/>De este evento se responsabiliz\u00f3 personalmente el Rector de la Universidad, quien envi\u00f3 una carta a los Decanos de las distintas facultades para invitarlos a este acontecimiento y a trav\u00e9s de ellos hizo extensiva la invitaci\u00f3n a todos los profesores y alumnos.  Tambi\u00e9n Monse\u00f1or Pedro Bustamante, profesor de Doctrina Social en la misma universidad, muy entusiasmado ha invit\u00f3 a los 200 alumnos que concurren a su c\u00e1tedra.  Todos los ciudadanos fueron invitados a participar  de este gran evento a trav\u00e9s de la radio y la televisi\u00f3n.<\/p>\n","protected":false},"excerpt":{"rendered":"<p>Homenaje a Chiara Lubich en su tercer aniversario, a trav\u00e9s de una conferencia sobre Econom\u00eda de Comuni\u00f3n.<\/p>\n","protected":false},"author":34,"featured_media":0,"comment_status":"open","ping_status":"open","sticky":false,"template":"","format":"standard","meta":{"give_campaign_id":0,"_seopress_robots_primary_cat":"","_seopress_titles_title":"","_seopress_titles_desc":"","_seopress_robots_index":"","_et_pb_use_builder":"","_et_pb_old_content":"","_et_gb_content_width":"","footnotes":""},"categories":[904],"tags":[],"class_list":["post-295142","post","type-post","status-publish","format-standard","hentry","category-focolare-worldwide-2-2"],"_links":{"self":[{"href":"https:\/\/www.focolare.org\/es\/wp-json\/wp\/v2\/posts\/295142","targetHints":{"allow":["GET"]}}],"collection":[{"href":"https:\/\/www.focolare.org\/es\/wp-json\/wp\/v2\/posts"}],"about":[{"href":"https:\/\/www.focolare.org\/es\/wp-json\/wp\/v2\/types\/post"}],"author":[{"embeddable":true,"href":"https:\/\/www.focolare.org\/es\/wp-json\/wp\/v2\/users\/34"}],"replies":[{"embeddable":true,"href":"https:\/\/www.focolare.org\/es\/wp-json\/wp\/v2\/comments?post=295142"}],"version-history":[{"count":0,"href":"https:\/\/www.focolare.org\/es\/wp-json\/wp\/v2\/posts\/295142\/revisions"}],"wp:attachment":[{"href":"https:\/\/www.focolare.org\/es\/wp-json\/wp\/v2\/media?parent=295142"}],"wp:term":[{"taxonomy":"category","embeddable":true,"href":"https:\/\/www.focolare.org\/es\/wp-json\/wp\/v2\/categories?post=295142"},{"taxonomy":"post_tag","embeddable":true,"href":"https:\/\/www.focolare.org\/es\/wp-json\/wp\/v2\/tags?post=295142"}],"curies":[{"name":"wp","href":"https:\/\/api.w.org\/{rel}","templated":true}]}}