{"id":295162,"date":"2011-04-03T10:30:27","date_gmt":"2011-04-03T08:30:27","guid":{"rendered":"https:\/\/www.focolare.org\/el-jubileo-de-los-focolares-en-el-nuevo-mundo\/"},"modified":"2024-05-13T20:52:10","modified_gmt":"2024-05-13T18:52:10","slug":"el-jubileo-de-los-focolares-en-el-nuevo-mundo","status":"publish","type":"post","link":"https:\/\/www.focolare.org\/es\/el-jubileo-de-los-focolares-en-el-nuevo-mundo\/","title":{"rendered":"El Jubileo de los Focolares en el Nuevo Mundo"},"content":{"rendered":"<p><a href=\"https:\/\/www.focolare.org\/wp-content\/uploads\/2011\/04\/20110403-17.jpg\"><img alt=\"\" alt=\"\" loading=\"lazy\" decoding=\"async\" class=\"alignleft size-home_right wp-image-30899\" style=\"margin-bottom: 5px;margin-right: 10px;border: 0pt\" src=\"https:\/\/www.focolare.org\/wp-content\/uploads\/2011\/04\/20110403-17-210x128.jpg\" alt=\"\" width=\"210\" height=\"128\" \/><\/a><strong>Al final parec\u00eda que est\u00e1bamos en Broadway, <\/strong>en la conclusi\u00f3n de un musical. Camisas negras para hombres y mujeres, zapatillas amarillas o azules para las muchachas, danzas y una serie de canciones conocidas que narraban alegr\u00edas y ansias, dolores y sue\u00f1os del pueblo estadounidense. El prolongado aplauso expres\u00f3 la alegr\u00eda y gratitud por esta \u201cjornada inolvidable para toda Norteam\u00e9rica\u201d, que requiri\u00f3 medio siglo de preparaci\u00f3n, como comentaron los presentadores.<\/p>\n<p>En la cita para celebrar los 50 a\u00f1os de la llegada del Movimiento de los Focolares a Norteam\u00e9rica, que tuvo lugar a 150 km. al norte de Nueva York, se reunieron 1300 personas en representaci\u00f3n de las tantas comunidades difundidas en Canad\u00e1, Estados Unidos y el Caribe. Compartiendo la fiesta estaban tambi\u00e9n hebreos y musulmanes. \u201cEs un pa\u00eds apto para la Espiritualidad del Movimiento \u2013afirm\u00f3 Chiara Lubich-, cuando en 1964 lleg\u00f3 a los Estados Unidos-, hay un verdadero sentido de la internacionalidad\u201d.<\/p>\n<p>Era su primera visita. A la cual siguieron otras seis, para subrayar la importancia estrat\u00e9gica que atribu\u00eda a esta parte del continente. Cada vez que vino la fundadora se abrieron nuevas v\u00edas, desde el di\u00e1logo con los afroamericanos musulmanes (fue la primera mujer que habl\u00f3 en la mezquita Malcom X) a la colaboraci\u00f3n con los actores, directores y escen\u00f3grafos de Hollywood.<\/p>\n<p><a href=\"https:\/\/www.focolare.org\/wp-content\/uploads\/2011\/04\/20110403-20.jpg\"><img alt=\"\" alt=\"\" loading=\"lazy\" decoding=\"async\" class=\"alignleft size-home_right wp-image-30906\" style=\"margin-right: 10px;border: 0pt none;margin-top: 5px;margin-bottom: 20px\" src=\"https:\/\/www.focolare.org\/wp-content\/uploads\/2011\/04\/20110403-20-210x128.jpg\" alt=\"\" width=\"210\" height=\"128\" \/><\/a>Parec\u00eda que todav\u00eda no hab\u00eda llegado el momento de llegar al Nuevo Mundo. <strong>La historia fue as\u00ed. <\/strong>Julia Conley, de Detroit, regresando a los Estados Unidos despu\u00e9s de la Mari\u00e1polis de Friburgo de 1960, escribi\u00f3 a Chiara Lubich y al Padre Foresi pidi\u00e9ndole que mandara a alguien a los Estados Unidos y diciendo que ella lo habr\u00eda hospedado. La carta no produjo efecto, pero la se\u00f1ora (como aut\u00e9ntica estadounidense) no se desanim\u00f3 y escribi\u00f3 nuevamente, enviando esta vez el dinero para dos boletos a\u00e9reos. \u00a0\u00a0Entonces Chiara dijo: \u201cEste es un signo de Dios\u201d. Y mand\u00f3 <strong>a Silvana Veronesi, una de sus primeras compa\u00f1eras y a Giovanna Vernuccio.<\/strong> En 1961, Giovanna regres\u00f3 a Nueva York con <strong>Serenella Silvi <\/strong>(presente en la sala y festejada) y Antonio Petrilli, quienes dieron vida a dos focolares.<\/p>\n<p>Jugando con los <em>app <\/em>\u2013las aplicaciones para los celulares de nueva generaci\u00f3n- los j\u00f3venes hicieron que la sala hiciera el tour por Norteam\u00e9rica presentando con fotos y entrevistas en directo o por v\u00eddeo la vida y las iniciativas de los distintos Estados. No pod\u00edan faltar los efectos especiales. Por eso las comunidades de la Costa Oeste, la del Pac\u00edfico, donde est\u00e1 Hollywood, tuvieron la idea de empezar con una sigla, con la que empiezan las pel\u00edculas de la <em>Twenty Century Fox<\/em>, con reflectores que escrutan el cielo \u2013como recordar\u00e1n- y la musiquita, sustituyendo el nombre de la casa de producci\u00f3n con el de \u00a0<em>West Coast Focolare<\/em>.<\/p>\n<p><a href=\"https:\/\/www.focolare.org\/wp-content\/uploads\/2011\/04\/20110403-21.jpg\"><img alt=\"\" alt=\"\" loading=\"lazy\" decoding=\"async\" class=\"size-large wp-image-30923 alignright\" style=\"margin-left: 10px;border: 0pt\" src=\"https:\/\/www.focolare.org\/wp-content\/uploads\/2011\/04\/20110403-21-200x166.jpg\" alt=\"\" width=\"200\" height=\"166\" \/><\/a>Pero el \u00e1pice todav\u00eda ten\u00eda que llegar. Fue cuando<strong> Mar\u00eda Voce y Giancarlo Faletti<\/strong> subieron al palco para un momento de di\u00e1logo con los presentes. Sesenta minutos de conversaci\u00f3n, respondiendo a once preguntas, que tocaron temas centrales, desde el\u00a0 temor ante el dolor y la muerte a la relaci\u00f3n entre Evangelio y niveles de bienestar, desde los abusos sexuales en la Iglesia de Estados Unidos a la relaci\u00f3n con los medios de comunicaci\u00f3n.<\/p>\n<p><em>\u00abPerm\u00edtanme pensar en esas dos muchachas que ten\u00edan ante si esta vasta naci\u00f3n <\/em>\u2013dijo confidencialmente la Presidente- <em>y ver hoy, despu\u00e9s de 50 a\u00f1os, cu\u00e1nto ha crecido la familia que ustedes representan\u00bb.<\/em> Un momento de pausa y despu\u00e9s la consigna para cada uno: <em>\u00abAqu\u00ed est\u00e1 el mandato de Chiara, el de ser una Silvana, una Giovanna, que vuelven a sus ciudades con su mismo deseo de dar testimonio del carisma de la unidad\u00bb.<\/em><\/p>\n<p>Mar\u00eda Voce qued\u00f3 impresionada por la sencillez, la genuinidad y generosidad de este pueblo, puso en evidencia esta vez el optimismo, que en cualquier situaci\u00f3n ayuda siempre a encontrar el remedio. Y lanz\u00f3 espont\u00e1neamente una frase que reson\u00f3 como un eslogan: <em>\u00ab\u00a1Despu\u00e9s de estos 50 a\u00f1os todav\u00eda algo se puede hacer y nosotros lo haremos!\u00bb<\/em><\/p>\n<p>Benedetto XVI, en el saludo augural, subray\u00f3 que <em>\u00abconscientes de la marcada dimensi\u00f3n multicultural del Focolar de Norteam\u00e9rica, reza para que tambi\u00e9n las relaciones entretejidas con los miembros de otras comunidades religiosas den frutos abundantes para el progreso de la comprensi\u00f3n rec\u00edproca y de la solidaridad espiritual al servicio de toda la familia humana\u00bb.<\/em><\/p>\n<p>[nggallery id=25]<strong><\/p>\n<p><\/strong><\/p>\n<p><strong> <\/strong><\/p>\n<p><strong> <\/strong><\/p>\n<p>[viaggio-nord-america]<\/p>\n","protected":false},"excerpt":{"rendered":"<p>Reunidos en la ciudadela cercana a Nueva York. 1300 personas en representaci\u00f3n de las comunidades difundidas en Canad\u00e1, Estados Unidos y el Caribe, para celebrar los 50 a\u00f1os de la llegada de los Focolares a Norteam\u00e9rica.  Estaban presentes tambi\u00e9n amigos hebreos y afroamericanos musulmanes.<\/p>\n","protected":false},"author":33,"featured_media":0,"comment_status":"open","ping_status":"open","sticky":false,"template":"","format":"standard","meta":{"give_campaign_id":0,"_seopress_robots_primary_cat":"","_seopress_titles_title":"","_seopress_titles_desc":"","_seopress_robots_index":"","_et_pb_use_builder":"","_et_pb_old_content":"","_et_gb_content_width":"","footnotes":""},"categories":[46],"tags":[],"class_list":["post-295162","post","type-post","status-publish","format-standard","hentry","category-sin-categorizar"],"_links":{"self":[{"href":"https:\/\/www.focolare.org\/es\/wp-json\/wp\/v2\/posts\/295162","targetHints":{"allow":["GET"]}}],"collection":[{"href":"https:\/\/www.focolare.org\/es\/wp-json\/wp\/v2\/posts"}],"about":[{"href":"https:\/\/www.focolare.org\/es\/wp-json\/wp\/v2\/types\/post"}],"author":[{"embeddable":true,"href":"https:\/\/www.focolare.org\/es\/wp-json\/wp\/v2\/users\/33"}],"replies":[{"embeddable":true,"href":"https:\/\/www.focolare.org\/es\/wp-json\/wp\/v2\/comments?post=295162"}],"version-history":[{"count":0,"href":"https:\/\/www.focolare.org\/es\/wp-json\/wp\/v2\/posts\/295162\/revisions"}],"wp:attachment":[{"href":"https:\/\/www.focolare.org\/es\/wp-json\/wp\/v2\/media?parent=295162"}],"wp:term":[{"taxonomy":"category","embeddable":true,"href":"https:\/\/www.focolare.org\/es\/wp-json\/wp\/v2\/categories?post=295162"},{"taxonomy":"post_tag","embeddable":true,"href":"https:\/\/www.focolare.org\/es\/wp-json\/wp\/v2\/tags?post=295162"}],"curies":[{"name":"wp","href":"https:\/\/api.w.org\/{rel}","templated":true}]}}