{"id":295174,"date":"2011-04-05T15:12:35","date_gmt":"2011-04-05T13:12:35","guid":{"rendered":"https:\/\/www.focolare.org\/un-tiempo-para-la-vida\/"},"modified":"2024-05-13T20:52:12","modified_gmt":"2024-05-13T18:52:12","slug":"un-tiempo-para-la-vida","status":"publish","type":"post","link":"https:\/\/www.focolare.org\/es\/un-tiempo-para-la-vida\/","title":{"rendered":"Un tiempo para la Vida"},"content":{"rendered":"<p><p><a href=\"https:\/\/www.focolare.org\/wp-content\/uploads\/2011\/04\/20110405-05.jpg\"><img alt=\"\" alt=\"\" loading=\"lazy\" decoding=\"async\" class=\"size-full wp-image-31194 alignleft\" style=\"margin-right: 15px;border: 0pt none\" src=\"https:\/\/www.focolare.org\/wp-content\/uploads\/2011\/04\/20110405-05.jpg\" alt=\"\" width=\"274\" height=\"209\" \/><\/a>No s\u00e9 qu\u00e9 idea les viene a la cabeza ante la palabra \u2018posibles\u2019. A m\u00ed una cosa sola: estas 40 chicas que tengo delante de m\u00ed que son posibles focolarinas.<\/p>\n<p>En la vida se pueden hacer muchas elecciones, tambi\u00e9n muchas opciones hermosas. Ellas han decidido venir a pasar juntas un tiempo llamado: \u2018un tiempo para la vida\u2019, con un lema muy preciso: \u201cAqu\u00ed estoy\u201d, es decir, estoy dispuesta a todo.<\/p>\n<p>Debo decir, que tambi\u00e9n para m\u00ed han sido d\u00edas vivificantes. El Se\u00f1or Dios, de hecho, tiene una gran fantas\u00eda. Sus historias son a cual m\u00e1s bella, a\u00fan prematuras, a\u00fan para desarrollarse, pero el inicio promete.<\/p>\n<p><strong> <\/strong><\/p>\n<p><strong>Micarla di Recife<\/strong>, noroeste de Brasil, ha venido para buscar la verdad y encontrarla, porque siempre ha sido su idea-fija. \u00a1Hoy est\u00e1 feliz!<\/p>\n<p><strong> <\/strong><\/p>\n<p><strong>Grisel <\/strong><strong>de Mendoza<\/strong>, 27 a\u00f1os, ama las revoluciones y ha encontrado en Mar\u00eda de Nazareth la mayor revolucionaria de la historia. \u201cQuer\u00eda ser como ella\u201d, nos dice. \u201c\u00bfQu\u00e9 me fascina de la vocaci\u00f3n al focolar?\u201d veo mujeres y hombres realizados, dispensadores de Dios. Donar a Dios toda mi vida ha sido la l\u00f3gica consecuencia: si \u00c9l me ama con un amor infinito, \u00bfc\u00f3mo puedo no darle todo?\u201d<\/p>\n<p><strong> <\/strong><\/p>\n<p><strong>Vida<\/strong>, 24 a\u00f1os, de Lituania: \u201cTengo muchas dudas, dudas a la orden del d\u00eda: \u00bfpodr\u00eda seguir a Dios toda la vida o mejor deber\u00eda formar una familia? Lo que me ha dado la paz y la certeza ha sido la libertad que contin\u00fao experimentando en el dar mi S\u00ed a \u00c9l: libertad de amar al mundo entero\u201d.<\/p>\n<p><a href=\"https:\/\/www.focolare.org\/wp-content\/uploads\/2011\/04\/20110406-06.jpg\"><img alt=\"\" alt=\"\" loading=\"lazy\" decoding=\"async\" class=\"alignright size-full wp-image-31195\" style=\"margin-left: 10px;border: 0pt none\" src=\"https:\/\/www.focolare.org\/wp-content\/uploads\/2011\/04\/20110406-06.jpg\" alt=\"\" width=\"281\" height=\"180\" \/><\/a><strong>Emma <\/strong>es <strong>mejicana<\/strong>: \u201cNo es f\u00e1cil seguir a Jes\u00fas \u2013nos conf\u00eda- todo parece remar en contra de una vida gastada por Dios: desde la comunicaci\u00f3n, a algunas pr\u00e1cticas educativas, a los valores que son difundidos. Pareciera que si no se hacen experiencias l\u00edmite nos aburrimos. Esto me hizo sentir el dar todo a Dios, porque nada me bastaba y nada me saciaba\u201d. Para ella la vida en un focolar es como una vuelta en la monta\u00f1a rusa: una ruta impresionante, fascinante, a veces tortuosa pero con la mirada fija en la meta: cara a cara con Dios. \u201cEsto es lo que m\u00e1s deseo\u201d.<\/p>\n<p><strong> <\/strong><\/p>\n<p><strong>Priscilia de Ginebra, <\/strong>23 a\u00f1os, estudia historia y literatura francesa. Est\u00e1 aqu\u00ed para entender realmente si Dios verdaderamente la llama, porque quisiera dar todo a Dios con radicalidad para vivir una aventura \u201cque para m\u00ed no tiene comparaci\u00f3n: contribuir a construir el mundo unido\u201d. Concluye: \u201che encontrado la confirmaci\u00f3n de que este es mi camino. Quiero vivir, desde ahora, como esposa de Dios\u201d.<\/p>\n<p><strong>Nuam<\/strong> viene de un pueblo del Sudeste Asi\u00e1tico. Qued\u00f3 fascinada por la vida sencilla y profund\u00edsima que ve\u00eda vivida en un focolar. Despu\u00e9s, en el 2005, durante el concierto del Genrosso, \u201cjusto aquellas canciones cantadas en una lengua que no conoc\u00eda me han transmitido a Dios, su amor y sent\u00eda que ten\u00eda que hacer algo para responderle. Ahora siento que quiero darle todo para llevar a Jes\u00fas a todos, hacer mi parte para que la humanidad sea cada vez m\u00e1s una sola familia. Y el Ideal de la unidad me ayuda a agrandar el coraz\u00f3n al mundo entero\u201d.<\/p>\n<p>Me vuelve a la mente parte del comentario de Chiara a la Palabra de Vida del mes de marzo, que nos ayudaba a hacer la Voluntad de Dios. Escribe Chiara Lubich: \u201cDig\u00e1moslo antes de cada acci\u00f3n. H\u00e1gase. Y cumpliremos, momento a momento, pieza a pieza, el maravilloso, \u00fanico e irrepetible mosaico de nuestra vida que el Se\u00f1or desde siempre ha pensado para cada uno de nosotros\u201d.<\/p>\n<p>Ahora en la sala de al lado hay unos cuarenta chicos que quieren tambi\u00e9n ellos dar todo a Dios y tienen cosas maravillosas que contar. Esperen su art\u00edculo. Ahora tenemos que ir a encontrarnos con los grupos que van a visitar la ciudadela de Loppiano.<\/p>\n<p>\u00a1Los mejores augurios a estas maravillosas criaturas!<\/p>\n<p><em>Sharry S. <\/em><\/p><\/p>\n","protected":false},"excerpt":{"rendered":"<p>En Loppiano del 14 al 18 de marzo unos ochenta j\u00f3venes de todo el mundo haciendo frente a las decisiones cruciales.<\/p>\n","protected":false},"author":34,"featured_media":0,"comment_status":"open","ping_status":"open","sticky":false,"template":"","format":"standard","meta":{"give_campaign_id":0,"_seopress_robots_primary_cat":"","_seopress_titles_title":"","_seopress_titles_desc":"","_seopress_robots_index":"","_et_pb_use_builder":"","_et_pb_old_content":"","_et_gb_content_width":"","footnotes":""},"categories":[46],"tags":[],"class_list":["post-295174","post","type-post","status-publish","format-standard","hentry","category-sin-categorizar"],"_links":{"self":[{"href":"https:\/\/www.focolare.org\/es\/wp-json\/wp\/v2\/posts\/295174","targetHints":{"allow":["GET"]}}],"collection":[{"href":"https:\/\/www.focolare.org\/es\/wp-json\/wp\/v2\/posts"}],"about":[{"href":"https:\/\/www.focolare.org\/es\/wp-json\/wp\/v2\/types\/post"}],"author":[{"embeddable":true,"href":"https:\/\/www.focolare.org\/es\/wp-json\/wp\/v2\/users\/34"}],"replies":[{"embeddable":true,"href":"https:\/\/www.focolare.org\/es\/wp-json\/wp\/v2\/comments?post=295174"}],"version-history":[{"count":0,"href":"https:\/\/www.focolare.org\/es\/wp-json\/wp\/v2\/posts\/295174\/revisions"}],"wp:attachment":[{"href":"https:\/\/www.focolare.org\/es\/wp-json\/wp\/v2\/media?parent=295174"}],"wp:term":[{"taxonomy":"category","embeddable":true,"href":"https:\/\/www.focolare.org\/es\/wp-json\/wp\/v2\/categories?post=295174"},{"taxonomy":"post_tag","embeddable":true,"href":"https:\/\/www.focolare.org\/es\/wp-json\/wp\/v2\/tags?post=295174"}],"curies":[{"name":"wp","href":"https:\/\/api.w.org\/{rel}","templated":true}]}}