{"id":295180,"date":"2011-04-07T07:34:22","date_gmt":"2011-04-07T05:34:22","guid":{"rendered":"https:\/\/www.focolare.org\/fuertes-sin-violencia-el-gen-rosso-en-alemania\/"},"modified":"2024-05-13T20:52:12","modified_gmt":"2024-05-13T18:52:12","slug":"fuertes-sin-violencia-el-gen-rosso-en-alemania","status":"publish","type":"post","link":"https:\/\/www.focolare.org\/es\/fuertes-sin-violencia-el-gen-rosso-en-alemania\/","title":{"rendered":"Fuertes sin violencia, el Gen Rosso en Alemania"},"content":{"rendered":"<p><em>\u201cLes mandamos c\u00e1lidos saludos desde Alemania donde, ya por tradici\u00f3n, nos encontramos viviendo esta experiencia imborrable, \u00fanica en su dimensi\u00f3n, con los chicos de las escuelas medias y superiores alemanas\u201d.<\/em><\/p>\n<p>As\u00ed escribe a nuestra redacci\u00f3n, Tomek Mikusinski del <strong>Gen Rosso<\/strong>, en nombre de todo el grupo que despu\u00e9s de la gira alemana en los pr\u00f3ximos d\u00edas llegar\u00e1 a la Rep\u00fablica Checa.<\/p>\n<p>La primera etapa ha sido Heidelberg, donde 200 j\u00f3venes que se preparaban para la confirmaci\u00f3n han ofrecido libremente una parte de sus vacaciones invernales para participar en \u201cFuertes sin violencia\u201d, el s\u00f3lido proyecto educativo de prevenci\u00f3n de la violencia, que cuenta con la colaboraci\u00f3n del Genrosso con escuelas medias y superiores de algunos pa\u00edses europeos.<\/p>\n<p>Hasta el momento han sido aproximadamente 500.000 lo j\u00f3venes que han participado. Reconocido y financiado tambi\u00e9n por la Uni\u00f3n Europea, el proyecto toma los movimientos del musical de Streetlight, que cuenta la historia de Charles Moates, crecido en el gueto de Chicago en los a\u00f1os sesenta. Por su elecci\u00f3n de vivir el ideal del mundo unido, siempre se opuso a la violencia. Por este motivo, perder\u00e1 la vida en el 1969.<\/p>\n<p>El proyecto, partiendo de su figura, se propone hoy transmitir valores que ayuden a los chicos a combatir la violencia, la marginaci\u00f3n, el bullismo y las distintas formas de intranquilidad que muchos adolescentes viven en los grandes n\u00facleos urbanos. El resultado del trabajo con los j\u00f3venes Heidelberg ha sido una tarde en Eppelheimer Rhein-Neckar-Halle, ante la presencia de unos 1.100 espectadores. Una gran novedad de esta gira es el \u201cDoku-workshop\u201d, un laboratorio cuyo objetivo es documentar todo lo que sucede durante la semana y preparar al p\u00fablico para el espect\u00e1culo desde su ingreso en la sala, mediante proyecciones de fotos y entrevistas que cuentan la cotidianidad del Gen Rosso y de su trabajo en el tour.<\/p>\n<p>Y as\u00ed, despu\u00e9s de Heidelberg, fue Bonn, con 13 workshop y m\u00e1s de 500 participantes. Luego Dortmund, en una escuela con una fuerte presencia multi\u00e9tnica. Y despu\u00e9s, Colonia donde especial fue el trabajo con los j\u00f3venes hipoac\u00fasicos y sordos. \u201cEstoy orgullosa de mis estudiantes\u201d \u2013 ha declarado <strong>Sigrid Bauschulte, directora de la escuela <\/strong><em>LVR-Johann-Joseph-Gronewald -, \u201cporque representar un musical a pesar de los problemas de o\u00eddo es obviamente un desaf\u00edo muy grande. Agradezco a quienes tuvieron la idea de este proyecto vital y por la gran oportunidad que han dado a mis estudiantes\u201d<\/em><\/p>\n<h2><em> \u201c<\/em><em>Gen Rosso, \u00a1deben ir absolutamente adelante con este proyecto porque nos hace mucho bien a nosotros, j\u00f3venes!\u201d \u2013 <\/em><em>escribe uno de los participantes en el muro de facebook del grupo, confirmando la bondad de una idea que est\u00e1 contagiando cada vez m\u00e1s estudiantes en toda Europa.<\/em><\/h2>\n<p><strong><em> <\/em><\/strong><\/p>\n<p><strong> <\/strong><\/p>\n","protected":false},"excerpt":{"rendered":"<p>Se est\u00e1 llevando a cabo una gira centroeuropea llena de citas para el grupo musical: espect\u00e1culos, workshop y el original proyecto, Fuertes sin violencia, que ya implica escuelas medias y superiores de algunos pa\u00edses.<\/p>\n","protected":false},"author":34,"featured_media":0,"comment_status":"open","ping_status":"open","sticky":false,"template":"","format":"standard","meta":{"give_campaign_id":0,"_seopress_robots_primary_cat":"","_seopress_titles_title":"","_seopress_titles_desc":"","_seopress_robots_index":"","_et_pb_use_builder":"","_et_pb_old_content":"","_et_gb_content_width":"","footnotes":""},"categories":[904],"tags":[],"class_list":["post-295180","post","type-post","status-publish","format-standard","hentry","category-focolare-worldwide-2-2"],"_links":{"self":[{"href":"https:\/\/www.focolare.org\/es\/wp-json\/wp\/v2\/posts\/295180","targetHints":{"allow":["GET"]}}],"collection":[{"href":"https:\/\/www.focolare.org\/es\/wp-json\/wp\/v2\/posts"}],"about":[{"href":"https:\/\/www.focolare.org\/es\/wp-json\/wp\/v2\/types\/post"}],"author":[{"embeddable":true,"href":"https:\/\/www.focolare.org\/es\/wp-json\/wp\/v2\/users\/34"}],"replies":[{"embeddable":true,"href":"https:\/\/www.focolare.org\/es\/wp-json\/wp\/v2\/comments?post=295180"}],"version-history":[{"count":0,"href":"https:\/\/www.focolare.org\/es\/wp-json\/wp\/v2\/posts\/295180\/revisions"}],"wp:attachment":[{"href":"https:\/\/www.focolare.org\/es\/wp-json\/wp\/v2\/media?parent=295180"}],"wp:term":[{"taxonomy":"category","embeddable":true,"href":"https:\/\/www.focolare.org\/es\/wp-json\/wp\/v2\/categories?post=295180"},{"taxonomy":"post_tag","embeddable":true,"href":"https:\/\/www.focolare.org\/es\/wp-json\/wp\/v2\/tags?post=295180"}],"curies":[{"name":"wp","href":"https:\/\/api.w.org\/{rel}","templated":true}]}}