{"id":295188,"date":"2011-04-07T15:31:21","date_gmt":"2011-04-07T13:31:21","guid":{"rendered":"https:\/\/www.focolare.org\/en-la-fordham-university-se-reflexiona-sobre-la-espiritualidad-de-la-unidad\/"},"modified":"2024-05-13T20:52:14","modified_gmt":"2024-05-13T18:52:14","slug":"en-la-fordham-university-se-reflexiona-sobre-la-espiritualidad-de-la-unidad","status":"publish","type":"post","link":"https:\/\/www.focolare.org\/es\/en-la-fordham-university-se-reflexiona-sobre-la-espiritualidad-de-la-unidad\/","title":{"rendered":"En la Fordham University se reflexiona sobre la espiritualidad de la unidad"},"content":{"rendered":"<p><a href=\"https:\/\/www.focolare.org\/wp-content\/uploads\/2011\/04\/20110407_09.jpg\"><img alt=\"\" alt=\"\" loading=\"lazy\" decoding=\"async\" class=\"alignleft size-large wp-image-31464\" style=\"border: 0pt none;margin-right: 10px\" src=\"https:\/\/www.focolare.org\/wp-content\/uploads\/2011\/04\/20110407_09-210x139.jpg\" alt=\"\" width=\"210\" height=\"139\" \/><\/a><\/p>\n<p><strong>La Fordham University, instituci\u00f3n acad\u00e9mica de alto nivel, fundada y administrada por jesuitas,<\/strong> tiene dos campus en Nueva York. El principal se encuentra en el Bronx mientras el de Manhattan, construido al inicio de los a\u00f1os 60, en pleno boom econ\u00f3mico, hospeda a la Fordham School of Law. Se encuentra en el coraz\u00f3n de la Gran Manzana: el Lincoln Centre, con la New York Philarmonic, el Ballet Accademy. Tambi\u00e9n la ciudad de Broadway no est\u00e1 lejos.   <a href=\"https:\/\/www.focolare.org\/wp-content\/uploads\/2011\/04\/20110407_05.jpg\"><img alt=\"\" alt=\"\" loading=\"lazy\" decoding=\"async\" class=\"alignright size-home_right wp-image-31467\" style=\"border: 0pt none;margin-left: 10px\" src=\"https:\/\/www.focolare.org\/wp-content\/uploads\/2011\/04\/20110407_05-210x128.jpg\" alt=\"\" width=\"210\" height=\"128\" \/><\/a><strong>Justo en la Fordham, el 5 de abril se ha desarrollado una jornada de reflexi\u00f3n acad\u00e9mica sobre la <em>Espiritualidad de la unidad;<\/strong> un don para nuestros tiempos.<\/em> Se han alternado estudiosos de diversas disciplinas: te\u00f3logos, estudiosos de religi\u00f3n, expertos de moral, pero los protagonistas han sido, sobre todo, un grupo de juristas de varios sectores: abogados, jueces y profesores de jurisprudencia de esta y otras universidades. Lo que ha dado valor a sus presentaciones no ha sido solo la preparaci\u00f3n acad\u00e9mica de primer nivel, sino la comunidad de valores y de perspectivas que han demostrado tener en el descubrir la dimensi\u00f3n de comuni\u00f3n. <em>Derecho y comuni\u00f3n<\/em> es, de hecho, el t\u00edtulo de su proyecto que, despu\u00e9s de a\u00f1os de compromiso, a menudo contracorriente, a favor de la persona  y de las relaciones interpersonales, ha encontrado una expresi\u00f3n de gran importancia en la realizaci\u00f3n de este simposio, en el que han presentado, con colegas de distintas universidades, como la espiritualidad de comuni\u00f3n pueda constituir un paradigma de referencia tambi\u00e9n para quienes trabajan en el \u00e1mbito jur\u00eddico.  <strong>Se trata de un grupo con or\u00edgenes muy distintos: Russell Pearce, y Ian Weinstein, ambos Profesores de Derecho, son hebreos. Amy Uelmen y Greg Louis, son, sin embargo, cat\u00f3licos.<\/strong> Otros colaboran a distancia: Deborah Cantrell, por ejemplo, profesora de Derecho en la Universidad del Colorado, es budista, David Shaheed, juez de la Corte Suprema de Marion Contry en Indian\u00e1polis, es musulm\u00e1n afro-americano.   <a href=\"https:\/\/www.focolare.org\/wp-content\/uploads\/2011\/04\/20110407_081.jpg\"><img alt=\"\" alt=\"\" loading=\"lazy\" decoding=\"async\" class=\"alignleft size-home_right wp-image-31469\" style=\"border: 0pt none;margin-right: 10px\" src=\"https:\/\/www.focolare.org\/wp-content\/uploads\/2011\/04\/20110407_081-210x128.jpg\" alt=\"\" width=\"210\" height=\"128\" \/><\/a><strong>La jornada estuvo marcada por cuatro mesas redondas<\/strong> que se refirieron a la espiritualidad de la unidad, una econom\u00eda basada sobre la comuni\u00f3n m\u00e1s que sobre simples intereses ego\u00edstas, la cuesti\u00f3n \u00e9tica y la realizaci\u00f3n personal y la categor\u00eda de amor al pr\u00f3jimo en \u00e1mbito jur\u00eddico. Los trabajos se concluyeron con una intervenci\u00f3n de<strong> Mar\u00eda Voce, presidente de los Focolares<\/strong>, que ha respondido a preguntas de los presentes, exigentes y comprometidas: de la econom\u00eda al campo jur\u00eddico, del di\u00e1logo interreligioso e intercultural a la teolog\u00eda moral y al rol de la mujer en la Iglesia.   La presidente no se ha echado atr\u00e1s: ha trazado sugerencias precisas sobre la b\u00fasqueda de justicia y verdad en el \u00e1mbito jur\u00eddico, ha animado a trabajar en un posicionamiento de valores y categor\u00edas, en \u00e1reas que parecen ajenas a los seres humanos, sin embargo, constituyen su esencia fundamental.  Se trata de trabajar para encontrar tambi\u00e9n una posici\u00f3n a t\u00e9rminos, que a menudo se prestan a malentendidos o comprensiones parciales, como el t\u00e9rmino clave \u2018fraternidad\u2019. Ha hablado de la necesidad de continuar el di\u00e1logo, dialogando: se trata de la verdadera metodolog\u00eda para llegar a aceptar las diferencias y superarlas. Adem\u00e1s de haber subrayado que la identidad se construye en la relaci\u00f3n, no ha tenido miedo de reflexionar sobre la actual situaci\u00f3n de la mujer en la Iglesia y sobre la necesidad de que, m\u00e1s all\u00e1 de los roles de sexos, sea la l\u00edder del amor la que prevalece.  Sobre todo, Mar\u00eda Voce ha animado a todos a continuar testimoniando la unidad en la diversidad. \u00abS\u00e9 que no es f\u00e1cil \u2013ha dicho- quien sabe cu\u00e1ntos momentos de des\u00e1nimo y de desilusi\u00f3n han experimentado, pero les agradezco porque la vida de su c\u00e9lula en la Fordham University ha permitido encontrar tambi\u00e9n aqu\u00ed una v\u00eda hacia la fraternidad universal\u00bb.  <em>Por el enviado especial Roberto Catalano<\/em>  [nggallery id=26] <\/p>\n<p style=\"text-align: right\"><span style=\"color: #c0c0c0\">[viaggio-nord-america]<\/span><\/p><\/p>\n","protected":false},"excerpt":{"rendered":"<p>La espiritualidad de la unidad: un don para nuestros tiempos, este el t\u00edtulo de una jornada de reflexi\u00f3n acad\u00e9mica en la Fordham University de Nueva York.<\/p>\n","protected":false},"author":33,"featured_media":0,"comment_status":"open","ping_status":"open","sticky":false,"template":"","format":"standard","meta":{"give_campaign_id":0,"_seopress_robots_primary_cat":"","_seopress_titles_title":"","_seopress_titles_desc":"","_seopress_robots_index":"","_et_pb_use_builder":"","_et_pb_old_content":"","_et_gb_content_width":"","footnotes":""},"categories":[46],"tags":[],"class_list":["post-295188","post","type-post","status-publish","format-standard","hentry","category-sin-categorizar"],"_links":{"self":[{"href":"https:\/\/www.focolare.org\/es\/wp-json\/wp\/v2\/posts\/295188","targetHints":{"allow":["GET"]}}],"collection":[{"href":"https:\/\/www.focolare.org\/es\/wp-json\/wp\/v2\/posts"}],"about":[{"href":"https:\/\/www.focolare.org\/es\/wp-json\/wp\/v2\/types\/post"}],"author":[{"embeddable":true,"href":"https:\/\/www.focolare.org\/es\/wp-json\/wp\/v2\/users\/33"}],"replies":[{"embeddable":true,"href":"https:\/\/www.focolare.org\/es\/wp-json\/wp\/v2\/comments?post=295188"}],"version-history":[{"count":0,"href":"https:\/\/www.focolare.org\/es\/wp-json\/wp\/v2\/posts\/295188\/revisions"}],"wp:attachment":[{"href":"https:\/\/www.focolare.org\/es\/wp-json\/wp\/v2\/media?parent=295188"}],"wp:term":[{"taxonomy":"category","embeddable":true,"href":"https:\/\/www.focolare.org\/es\/wp-json\/wp\/v2\/categories?post=295188"},{"taxonomy":"post_tag","embeddable":true,"href":"https:\/\/www.focolare.org\/es\/wp-json\/wp\/v2\/tags?post=295188"}],"curies":[{"name":"wp","href":"https:\/\/api.w.org\/{rel}","templated":true}]}}