{"id":295248,"date":"2011-04-19T06:08:03","date_gmt":"2011-04-19T04:08:03","guid":{"rendered":"https:\/\/www.focolare.org\/pascua-2011-con-jesus-resucitado-por-las-calles-del-mundo\/"},"modified":"2024-05-13T20:52:21","modified_gmt":"2024-05-13T18:52:21","slug":"pascua-2011-con-jesus-resucitado-por-las-calles-del-mundo","status":"publish","type":"post","link":"https:\/\/www.focolare.org\/es\/pascua-2011-con-jesus-resucitado-por-las-calles-del-mundo\/","title":{"rendered":"Pascua 2011: con Jes\u00fas Resucitado por las calles del mundo"},"content":{"rendered":"<\/p>\n<table style=\"width: 600px\" border=\"0\" cellspacing=\"10\" align=\"left\">\n<tbody>\n<tr>\n<td><\/td>\n<td><\/td>\n<\/tr>\n<tr>\n<td><\/td>\n<td><\/td>\n<\/tr>\n<tr>\n<td><strong><img alt=\"\" alt=\"\" loading=\"lazy\" decoding=\"async\" class=\"alignleft size-full wp-image-33729\" src=\"https:\/\/www.focolare.org\/wp-content\/uploads\/2011\/04\/20110419-011.jpg\" alt=\"\" width=\"300\" height=\"281\" \/><\/strong><\/td>\n<td style=\"text-align: left\"><strong>\u00abQuerid\u00edsimos todos y todas:<\/strong><\/p>\n<p>La buena noticia que tambi\u00e9n hoy estamos llamados a dar es que Jes\u00fas ha Resucitado y est\u00e1 vivo en medio nuestro por el amor rec\u00edproco.  <strong>Es la evangelizaci\u00f3n de hace dos mil a\u00f1os pero siempre actual<\/strong> que nos involucra a todos en un compromiso nuevo de vida y de testimonio.  El augurio que quisiera que les llegara a cada uno de nuestra gran familia es que<strong> caminemos siempre con el Resucitado por las calles del mundo\u00bb. <\/strong><\/p>\n<p style=\"text-align: right\"><em>Maria Voce<\/em><\/p>\n<\/td>\n<\/tr>\n<\/tbody>\n<\/table>\n","protected":false},"excerpt":{"rendered":"<p>El augurio de Mar\u00eda Voce de un renovado compromiso com\u00fan de vida y de testimonio<\/p>\n","protected":false},"author":34,"featured_media":0,"comment_status":"open","ping_status":"open","sticky":false,"template":"","format":"standard","meta":{"give_campaign_id":0,"_seopress_robots_primary_cat":"","_seopress_titles_title":"","_seopress_titles_desc":"","_seopress_robots_index":"","_et_pb_use_builder":"","_et_pb_old_content":"","_et_gb_content_width":"","footnotes":""},"categories":[46],"tags":[],"class_list":["post-295248","post","type-post","status-publish","format-standard","hentry","category-sin-categorizar"],"_links":{"self":[{"href":"https:\/\/www.focolare.org\/es\/wp-json\/wp\/v2\/posts\/295248","targetHints":{"allow":["GET"]}}],"collection":[{"href":"https:\/\/www.focolare.org\/es\/wp-json\/wp\/v2\/posts"}],"about":[{"href":"https:\/\/www.focolare.org\/es\/wp-json\/wp\/v2\/types\/post"}],"author":[{"embeddable":true,"href":"https:\/\/www.focolare.org\/es\/wp-json\/wp\/v2\/users\/34"}],"replies":[{"embeddable":true,"href":"https:\/\/www.focolare.org\/es\/wp-json\/wp\/v2\/comments?post=295248"}],"version-history":[{"count":0,"href":"https:\/\/www.focolare.org\/es\/wp-json\/wp\/v2\/posts\/295248\/revisions"}],"wp:attachment":[{"href":"https:\/\/www.focolare.org\/es\/wp-json\/wp\/v2\/media?parent=295248"}],"wp:term":[{"taxonomy":"category","embeddable":true,"href":"https:\/\/www.focolare.org\/es\/wp-json\/wp\/v2\/categories?post=295248"},{"taxonomy":"post_tag","embeddable":true,"href":"https:\/\/www.focolare.org\/es\/wp-json\/wp\/v2\/tags?post=295248"}],"curies":[{"name":"wp","href":"https:\/\/api.w.org\/{rel}","templated":true}]}}