{"id":295320,"date":"2011-05-04T05:59:58","date_gmt":"2011-05-04T03:59:58","guid":{"rendered":"https:\/\/www.focolare.org\/papa-wojtyla-el-testimonio-de-maria-voce\/"},"modified":"2024-05-13T20:52:29","modified_gmt":"2024-05-13T18:52:29","slug":"papa-wojtyla-el-testimonio-de-maria-voce","status":"publish","type":"post","link":"https:\/\/www.focolare.org\/es\/papa-wojtyla-el-testimonio-de-maria-voce\/","title":{"rendered":"Papa Wojtyla: el testimonio de Mar\u00eda Voce"},"content":{"rendered":"<p><img alt=\"\" alt=\"\" loading=\"lazy\" decoding=\"async\" class=\"alignright size-200x200 wp-image-34959\" style=\"border: 0pt none;margin: 5px\" src=\"https:\/\/www.focolare.org\/wp-content\/uploads\/2011\/05\/20110504-01-200x141.jpg\" alt=\"\" width=\"200\" height=\"141\" \/>En la vigilia de Pentecost\u00e9s de 1998, Juan Pablo II llam\u00f3 a los movimientos, grupos y nuevas asociaciones eclesiales, a encontrarse en la Plaza de San Pedro. Entre otros, estaba presente tambi\u00e9n el Movimiento de los Focolares, representado por la fundadora, Chiara Lubich. En aquella ocasi\u00f3n, el Papa Wojtyla reconoci\u00f3 p\u00fablicamente el rol de estas realidades en la Iglesia, como nunca antes lo hab\u00eda hecho. En aquella ocasi\u00f3n, Chiara, se comprometi\u00f3 ante \u00e9l, a acrecentar la relaci\u00f3n de comuni\u00f3n entre los mismos movimientos.  <strong>\u00a0<\/strong>  <strong><img alt=\"\" alt=\"\" loading=\"lazy\" decoding=\"async\" class=\"size-full wp-image-27733 alignleft\" src=\"https:\/\/www.focolare.org\/wp-content\/uploads\/2011\/03\/Audio_Icon50x50.jpg\" alt=\"\" width=\"26\" height=\"26\" \/> <a href=\"http:\/\/212.77.9.15\/audio\/ra\/00259382.RM\" target=\"_blank\" rel=\"noopener\">Audio <\/a> <\/strong>  <strong>\u00a0<\/strong>  <em>Fue verdaderamente el protector de los movimientos, porque ha reconocido en \u00e9stos el soplo del Esp\u00edritu Santo para la Iglesia. <\/em><em>Pero justo en aquella ocasi\u00f3n tambi\u00e9n pidi\u00f3 a los movimientos que salieran de una especie de infancia y que dieran frutos maduros de comuni\u00f3n y compromiso.<\/em>  <strong>Papa Wojtyla sigui\u00f3 de cerca al Movimiento de los Focolares a lo largo de todo su Pontificado&#8230; <\/strong><em>Podemos decir verdaderamente que hemos sentido a menudo su amor de predilecci\u00f3n: en sus miradas, en sus saludos, tambi\u00e9n en muchos gestos concretos. Fue \u00e9l \u2013por ejemplo- quien quiso poner a disposici\u00f3n del Movimiento la ex-Sala de las Audiencias de Castelgandolfo, que se convirti\u00f3 en nuestro Centro Mari\u00e1polis donde se suceden encuentros durante todo el a\u00f1o; despu\u00e9s como no recordar la visita al Centro del Movimiento de los Focolares: en aquella ocasi\u00f3n, fue hermoso como \u00e9l record\u00f3 justo el radicalismo del amor, que indicaba distintivo caracter\u00edstico del Movimiento de los Focolares.<\/em>  <strong>Juan Pablo II ten\u00eda un entendimiento personal muy profundo con Chiara Lubich. \u00bfCu\u00e1l era el fundamento de esta sinton\u00eda espiritual? <\/strong><em>Yo creo que era justo por esta espiritualidad de comuni\u00f3n que \u00e9l sent\u00eda presente por un carisma en Chiara, vivida por todo el Movimiento y que \u00e9l anhelaba para toda la Iglesia. Despu\u00e9s creo que tambi\u00e9n la apertura que encontraba en Chiara y en el Movimiento, hacia todos los hombres, sin diferencias de clases sociales, religiones, nacionalidad y que se correspond\u00eda con su mirada sobre el hombre, con su fe en el valor del hombre m\u00e1s all\u00e1 de todo.<\/em>  <img alt=\"\" alt=\"\" loading=\"lazy\" decoding=\"async\" class=\"alignleft size-full wp-image-34960\" style=\"border: 0pt none;margin: 5px\" src=\"https:\/\/www.focolare.org\/wp-content\/uploads\/2011\/05\/100505-01.jpg\" alt=\"\" width=\"200\" height=\"200\" \/><strong>Mar\u00eda Voce, desde su punto de vista personal, \u00bfqui\u00e9n ha sido Juan Pablo II y que de modo particular, -piensa que quiera recordar hoy a la Iglesia y a toda la humanidad? <\/strong><em>Ha sido un grande, en todos los sentidos y bajo todos los aspectos. Lo que me parece muy importante en \u00e9l\u00a0 ha sido este\u00a0 reconocer en cualquier hombre al Hijo de Dios y por tanto, esta alt\u00edsima dignidad que \u00e9l reconoc\u00eda en los hombres a todas las latitudes y que le llevaba a privilegiar las relaciones con cualquiera y que ha dado tambi\u00e9n un grand\u00edsimo impulso a todos los di\u00e1logos en la Iglesia: yo estaba en Estambul cuando vino en el 79 a visitar al Patriarca Demetrio y recuerdo su alegr\u00eda por encontrar a este Patriarca ecum\u00e9nico. Pienso adem\u00e1s que su figura puede dar a la Iglesia y al mundo esta esperanza y esta confianza en la acci\u00f3n del Esp\u00edritu Santo, que en los momentos m\u00e1s oscuros vuelve siempre a tomar en mano el destino de la historia. Esto \u00e9l lo ha testimoniado, sobre todo con su apertura hacia los j\u00f3venes que han acudido siempre de manera numerosa a sus invitaciones, porque sent\u00edan en \u00e9l la Iglesia-joven. Por tanto, tambi\u00e9n a la humanidad, la Iglesia como una Iglesia joven, bella, capaz de dar sus respuestas a las exigencias del hombre de hoy. <\/em>  <strong>Del Radio peri\u00f3dico de Redio Vaticana del 30 de abril de 2011<\/strong>  <strong><a href=\"http:\/\/www.oecumene.radiovaticana.org\/it1\/Articolo.asp?c=483009\">Papa Wojtyla: testimonio de Kiko Arg\u00fcello, Marco Impagliazzo, Mar\u00eda Voce y Andrea Olivero<\/a><\/strong><\/p>\n","protected":false},"excerpt":{"rendered":"<p>En una entrevista de Radio Vaticana, junto a representantes de otros movimientos eclesiales.<\/p>\n","protected":false},"author":34,"featured_media":0,"comment_status":"open","ping_status":"open","sticky":false,"template":"","format":"standard","meta":{"give_campaign_id":0,"_seopress_robots_primary_cat":"","_seopress_titles_title":"","_seopress_titles_desc":"","_seopress_robots_index":"","_et_pb_use_builder":"","_et_pb_old_content":"","_et_gb_content_width":"","footnotes":""},"categories":[46],"tags":[],"class_list":["post-295320","post","type-post","status-publish","format-standard","hentry","category-sin-categorizar"],"_links":{"self":[{"href":"https:\/\/www.focolare.org\/es\/wp-json\/wp\/v2\/posts\/295320","targetHints":{"allow":["GET"]}}],"collection":[{"href":"https:\/\/www.focolare.org\/es\/wp-json\/wp\/v2\/posts"}],"about":[{"href":"https:\/\/www.focolare.org\/es\/wp-json\/wp\/v2\/types\/post"}],"author":[{"embeddable":true,"href":"https:\/\/www.focolare.org\/es\/wp-json\/wp\/v2\/users\/34"}],"replies":[{"embeddable":true,"href":"https:\/\/www.focolare.org\/es\/wp-json\/wp\/v2\/comments?post=295320"}],"version-history":[{"count":0,"href":"https:\/\/www.focolare.org\/es\/wp-json\/wp\/v2\/posts\/295320\/revisions"}],"wp:attachment":[{"href":"https:\/\/www.focolare.org\/es\/wp-json\/wp\/v2\/media?parent=295320"}],"wp:term":[{"taxonomy":"category","embeddable":true,"href":"https:\/\/www.focolare.org\/es\/wp-json\/wp\/v2\/categories?post=295320"},{"taxonomy":"post_tag","embeddable":true,"href":"https:\/\/www.focolare.org\/es\/wp-json\/wp\/v2\/tags?post=295320"}],"curies":[{"name":"wp","href":"https:\/\/api.w.org\/{rel}","templated":true}]}}