{"id":295404,"date":"2011-05-30T15:37:36","date_gmt":"2011-05-30T13:37:36","guid":{"rendered":"https:\/\/www.focolare.org\/congresos-gen-4-en-filipinas\/"},"modified":"2024-05-13T20:52:41","modified_gmt":"2024-05-13T18:52:41","slug":"congresos-gen-4-en-filipinas","status":"publish","type":"post","link":"https:\/\/www.focolare.org\/es\/congresos-gen-4-en-filipinas\/","title":{"rendered":"Congresos gen 4 en Filipinas"},"content":{"rendered":"<p><a href=\"https:\/\/www.focolare.org\/wp-content\/uploads\/2011\/05\/20110530-05.jpg\"><img alt=\"\" alt=\"\" loading=\"lazy\" decoding=\"async\" class=\"alignleft size-full wp-image-38146\" style=\"margin-right: 10px;border: 0pt\" src=\"https:\/\/www.focolare.org\/wp-content\/uploads\/2011\/05\/20110530-05.jpg\" alt=\"\" width=\"268\" height=\"202\" \/><\/a>Este a\u00f1o, en el mundo gen 4, ha habido una novedad importante: dos grandes citas para las gen 4 filipinas. La primera en Ceb\u00fa \u2013isla del archipi\u00e9lago filipino, rodeada por 167 islas m\u00e1s peque\u00f1as-, donde se han reunido 68, llegadas tambi\u00e9n de las otras islas. Despu\u00e9s, 75 se reunieron en Tagaytay, en los alrededores de Manila, donde est\u00e1 la ciudadela asi\u00e1tica de los Focolares. Estuvo presente en sus congresos Cristiane Heisendorff, del Centro Gen 4 mundial.  \u00a0Gran atenci\u00f3n hacia el argumento central: <strong>el hilo de oro del amor de Dios<\/strong> en el antiguo testamento, desde Abraham a Mois\u00e9s. Y despu\u00e9s, la vida de Chiara Lubich \u2013de quien las gen 4 han nacido- como respuesta de amor a la voluntad de Dios.  \u00a0<strong>Una historia fascinante: su \u2018aventura m\u00e1s grande\u2019, <\/strong>como Chiara misma hab\u00eda contado a los y las gen 4 en el 1988, cuando en Loreto entendi\u00f3 su camino. Para todas las ni\u00f1as presentes, un descubrimiento luminoso: \u00a1hacer la voluntad de Dios hace que la vida se convierta realmente en una aventura!  \u00a0Los juegos, las representaciones teatrales, las canciones y en particular, las danzas, modernas y t\u00edpicas, en este clima de amor rec\u00edproco han creado una atm\u00f3sfera hermosa. \u00a1No nos habr\u00edamos marchado nunca!  \u00a0Las gen 4 ven\u00edan de situaciones familiares y sociales muy variadas, alguna tambi\u00e9n con muchas dificultades \u2013 pero somos verdaderamente una familia y sus necesidades han dado a nuestro coraz\u00f3n el empuje para encontrar nuevos caminos para hacerlas llegar al menos lo necesario para vivir, tambi\u00e9n mediante la <strong>ayuda a distancia<\/strong> y los proyectos desarrollados con el Movimiento de los Focolares.   <img alt=\"\" alt=\"\" loading=\"lazy\" decoding=\"async\" class=\"size-full wp-image-38147 alignright\" style=\"margin-left: 10px;border: 0pt\" src=\"https:\/\/www.focolare.org\/wp-content\/uploads\/2011\/05\/20110530-06.jpg\" alt=\"\" width=\"268\" height=\"202\" \/>\u00a0Alg\u00fan flash<strong> directamente con sus palabras<\/strong>: \u201cHe sido muy feliz durante el congreso. He aprendido muchas cosas. He aprendido a amar\u201d. \u201cUna ni\u00f1a me ha dado un golpe. Me dol\u00eda y he llorado, pero me ha pedido perd\u00f3n, entonces la acept\u00e9 y la perdon\u00e9. No me enfad\u00e9 con ella y somos ya amigas nuevamente\u201d.  \u00a0\u00abQuerido Jes\u00fas, gracias porque he podido ir a Tagaytay. Gracias tambi\u00e9n por las bendiciones que nos has dado, por las nuevas amigas que he conocido. Gracias por mi familia y amigos. Gracias tambi\u00e9n por la ni\u00f1a que me ha prestado sus zapatillas. Y aunque la otra ni\u00f1a me cansa, la quiero lo mismo\u201d.  <em>A cargo del Centro Gen4<\/em><\/p>\n","protected":false},"excerpt":{"rendered":"<p>En Ceb\u00fa y en Tagaytay, 150 ni\u00f1as descubriendo la Voluntad de Dios, que hace de la vida una aventura maravillosa.<\/p>\n","protected":false},"author":34,"featured_media":0,"comment_status":"open","ping_status":"open","sticky":false,"template":"","format":"standard","meta":{"give_campaign_id":0,"_seopress_robots_primary_cat":"","_seopress_titles_title":"","_seopress_titles_desc":"","_seopress_robots_index":"","_et_pb_use_builder":"","_et_pb_old_content":"","_et_gb_content_width":"","footnotes":""},"categories":[904],"tags":[],"class_list":["post-295404","post","type-post","status-publish","format-standard","hentry","category-focolare-worldwide-2-2"],"_links":{"self":[{"href":"https:\/\/www.focolare.org\/es\/wp-json\/wp\/v2\/posts\/295404","targetHints":{"allow":["GET"]}}],"collection":[{"href":"https:\/\/www.focolare.org\/es\/wp-json\/wp\/v2\/posts"}],"about":[{"href":"https:\/\/www.focolare.org\/es\/wp-json\/wp\/v2\/types\/post"}],"author":[{"embeddable":true,"href":"https:\/\/www.focolare.org\/es\/wp-json\/wp\/v2\/users\/34"}],"replies":[{"embeddable":true,"href":"https:\/\/www.focolare.org\/es\/wp-json\/wp\/v2\/comments?post=295404"}],"version-history":[{"count":0,"href":"https:\/\/www.focolare.org\/es\/wp-json\/wp\/v2\/posts\/295404\/revisions"}],"wp:attachment":[{"href":"https:\/\/www.focolare.org\/es\/wp-json\/wp\/v2\/media?parent=295404"}],"wp:term":[{"taxonomy":"category","embeddable":true,"href":"https:\/\/www.focolare.org\/es\/wp-json\/wp\/v2\/categories?post=295404"},{"taxonomy":"post_tag","embeddable":true,"href":"https:\/\/www.focolare.org\/es\/wp-json\/wp\/v2\/tags?post=295404"}],"curies":[{"name":"wp","href":"https:\/\/api.w.org\/{rel}","templated":true}]}}