{"id":295410,"date":"2011-06-02T04:00:56","date_gmt":"2011-06-02T02:00:56","guid":{"rendered":"https:\/\/www.focolare.org\/hebreos-y-cristianos-deseo-de-unidad\/"},"modified":"2024-05-13T20:52:42","modified_gmt":"2024-05-13T18:52:42","slug":"hebreos-y-cristianos-deseo-de-unidad","status":"publish","type":"post","link":"https:\/\/www.focolare.org\/es\/hebreos-y-cristianos-deseo-de-unidad\/","title":{"rendered":"Hebreos y cristianos: deseo de unidad"},"content":{"rendered":"<p><a href=\"https:\/\/www.focolare.org\/wp-content\/uploads\/2011\/06\/20110601-04.jpg\"><img alt=\"\" alt=\"\" loading=\"lazy\" decoding=\"async\" class=\"alignleft size-large wp-image-38378\" style=\"margin-right: 10px;border: 0pt\" src=\"https:\/\/www.focolare.org\/wp-content\/uploads\/2011\/06\/20110601-04-210x157.jpg\" alt=\"\" width=\"210\" height=\"157\" \/><\/a>El 22 de mayo.<strong> <a href=\"https:\/\/www.focolare.org\/es\/focolare-worldwide\/america-nord-e-centrale\/messico\/#\">La ciudadela mexicana \u201cEl Diamante\u201d, <\/a><\/strong>en las cercan\u00edas de Acatzingo, a 150 km de Ciudad de M\u00e9xico, hospeda una esperada cita que ve reunidos a amigos hebreos y cristianos, signo de un di\u00e1logo vivo, entre personas que quieren redescubrir las ra\u00edces comunes.  \u201cNuestros hermanos mayores\u201d hab\u00eda dicho Juan Pablo II es una c\u00e9lebre expresi\u00f3n. Y \u201c\u00bfque podr\u00e1 suceder \u2013dijo Chiara Lubich- cuando profundicemos cada vez m\u00e1s la relaci\u00f3n fraterna entre nosotros, hebreos y cristianos, que tenemos en com\u00fan el inestimable patrimonio de la Biblia, que nosotros llamamos Antiguo Testamento?\u201d.   Sobre estas bases todav\u00eda hoy prosigue y se desarrolla cada vez m\u00e1s<strong> la amistad y el di\u00e1logo entre hebreos y cristianos, <\/strong>en el Movimiento de los Focolares. La jornada de Acatzingo es un ejemplo.  Despu\u00e9s de una breve presentaci\u00f3n, centrada sobre el descubrimiento de <strong><a href=\"https:\/\/www.focolare.org\/es\/chiara-lubich\/spiritualita-dellunita\/dio-amore\/\">Dios Amor<\/a><\/strong>, base de nuestra fraternidad, con pinceladas de la historia de los Focolares y del di\u00e1logo con el mundo hebreo, Liviu Bleier, el nuevo presidente de la B\u2019nai B\u2019rith de M\u00e9xico, subray\u00f3 que \u201cla mejor religi\u00f3n es la que m\u00e1s nos acerca a Dios\u201d, expresando su estima y su alegr\u00eda por esta posibilidad de intercambio.  <a href=\"https:\/\/www.focolare.org\/wp-content\/uploads\/2011\/06\/20110601-05.jpg\"><img alt=\"\" alt=\"\" loading=\"lazy\" decoding=\"async\" class=\"alignright size-large wp-image-38379\" style=\"margin-left: 10px;border: 0pt\" src=\"https:\/\/www.focolare.org\/wp-content\/uploads\/2011\/06\/20110601-05-210x157.jpg\" alt=\"\" width=\"210\" height=\"157\" \/><\/a>El grupo estaba compuesto por <strong>23 amigos hebreos de Ciudad de M\u00e9xico <\/strong>y por amigos de la ciudadela. Visitaron los talleres y la escuela rural, que est\u00e1 conectada con la Mari\u00e1polis, y tiene como objetivo formar personas capaces de amar y perdonar, y vivir la cultura \u201cdel dar\u201d.  Los habitantes de la ciudadela, j\u00f3venes, adultos y ni\u00f1os, presentaron una serie de testimonios de vida cristiana en lo cotidiano, muy apreciados por los hu\u00e9spedes.  La ceremonia alrededor de un \u00e1rbol de olivo \u2013s\u00edmbolo de paz, y signo com\u00fan entre cristianos y hebreos, fue un momento importante para subrayar la dimensi\u00f3n de fraternidad entre todos: <em>\u201cGracias por c\u00f3mo me recibieron<\/em> \u2013afirm\u00f3 uno de los presentes- <em>por el esp\u00edritu de fraternidad, como si nos conoci\u00e9ramos desde hace mucho: me hicieron entender que tenemos que ser humildes y estar al servicio, para cambiarnos a nosotros mismos y al mundo\u201d.<\/em>  La pr\u00f3xima cita ser\u00e1 del <strong>21 al 24 de agosto en Buenos Aires<\/strong>, para un nuevo simposio hebreo-cristiano, despu\u00e9s del que tuvo lugar el a\u00f1o pasado en Jerusal\u00e9n.<\/p>\n","protected":false},"excerpt":{"rendered":"<p>En la ciudadela El Diamante (Acatzingo) en M\u00e9xico, una jornada para profundizar el di\u00e1logo. La pr\u00f3xima etapa: el simposio hebreo-cristiano en Buenos Aires, Argentina.<\/p>\n","protected":false},"author":34,"featured_media":0,"comment_status":"open","ping_status":"open","sticky":false,"template":"","format":"standard","meta":{"give_campaign_id":0,"_seopress_robots_primary_cat":"","_seopress_titles_title":"","_seopress_titles_desc":"","_seopress_robots_index":"","_et_pb_use_builder":"","_et_pb_old_content":"","_et_gb_content_width":"","footnotes":""},"categories":[904],"tags":[],"class_list":["post-295410","post","type-post","status-publish","format-standard","hentry","category-focolare-worldwide-2-2"],"_links":{"self":[{"href":"https:\/\/www.focolare.org\/es\/wp-json\/wp\/v2\/posts\/295410","targetHints":{"allow":["GET"]}}],"collection":[{"href":"https:\/\/www.focolare.org\/es\/wp-json\/wp\/v2\/posts"}],"about":[{"href":"https:\/\/www.focolare.org\/es\/wp-json\/wp\/v2\/types\/post"}],"author":[{"embeddable":true,"href":"https:\/\/www.focolare.org\/es\/wp-json\/wp\/v2\/users\/34"}],"replies":[{"embeddable":true,"href":"https:\/\/www.focolare.org\/es\/wp-json\/wp\/v2\/comments?post=295410"}],"version-history":[{"count":0,"href":"https:\/\/www.focolare.org\/es\/wp-json\/wp\/v2\/posts\/295410\/revisions"}],"wp:attachment":[{"href":"https:\/\/www.focolare.org\/es\/wp-json\/wp\/v2\/media?parent=295410"}],"wp:term":[{"taxonomy":"category","embeddable":true,"href":"https:\/\/www.focolare.org\/es\/wp-json\/wp\/v2\/categories?post=295410"},{"taxonomy":"post_tag","embeddable":true,"href":"https:\/\/www.focolare.org\/es\/wp-json\/wp\/v2\/tags?post=295410"}],"curies":[{"name":"wp","href":"https:\/\/api.w.org\/{rel}","templated":true}]}}