{"id":295414,"date":"2011-06-08T08:09:43","date_gmt":"2011-06-08T06:09:43","guid":{"rendered":"https:\/\/www.focolare.org\/las-catedras-de-sophia-cuando-filosofia-economia-y-politica-se-encuentran\/"},"modified":"2024-05-13T20:52:42","modified_gmt":"2024-05-13T18:52:42","slug":"las-catedras-de-sophia-cuando-filosofia-economia-y-politica-se-encuentran","status":"publish","type":"post","link":"https:\/\/www.focolare.org\/es\/las-catedras-de-sophia-cuando-filosofia-economia-y-politica-se-encuentran\/","title":{"rendered":"\u201cLas c\u00e1tedras de Sophia\u201d: cuando filosof\u00eda, econom\u00eda y pol\u00edtica se encuentran"},"content":{"rendered":"<p><img alt=\"\" alt=\"\" loading=\"lazy\" decoding=\"async\" class=\"alignleft size-large wp-image-38828\" style=\"margin-right: 10px;border: 0pt none\" src=\"https:\/\/www.focolare.org\/wp-content\/uploads\/2011\/06\/20110609-15-210x170.jpg\" alt=\"\" width=\"210\" height=\"170\" \/><strong>\u201cLas c\u00e1tedras de Sophia\u201d<\/strong> son<em> lecciones magistrales de exponentes competentes de la cultura contempor\u00e1nea. Despu\u00e9s de Ugo Amaldi, el Card. Marc Ouellet, Stefano Zamagni y Sergio Zavoli es el turno de Martha Nussbaum.<\/em>  <strong>Quiz\u00e1s pocos conocen su nombre:<\/strong> pero fue ella quien en 1986 introdujo el concepto de \u201cbienes relacionales\u201d \u2013que hoy d\u00eda se maneja establemente en Econom\u00eda- y la ha influenciado notablemente, gracias al <em>capability approach<\/em> (\u201cEnfoque de las Capacidades\u201d) elaborado junto con el <strong>premio Nobel Amartya Sen,<\/strong> incluso a las Naciones Unidas, en la elaboraci\u00f3n del \u00edndice de desarrollo humano. Y no, no es una economista, sino una fil\u00f3sofa: se trata de la estadounidense Martha Nussbaum, docente de Derecho y \u00c9tica en la Universidad de Chicago, y conocida en los ambientes acad\u00e9micos \u2013y no s\u00f3lo- por haber introducido el tema de las emociones en la reflexi\u00f3n pol\u00edtica y social. Y precisamente las \u201cemociones p\u00fablicas\u201d han sido el centro de las conferencias que la llevaron a Italia.  En <strong><a href=\"http:\/\/www.loppiano.it\/\">Loppiano<\/a><\/strong> se encontr\u00f3 primero con los <strong><a href=\"http:\/\/www.iu-sophia.org\/default.asp?s=232\">estudiantes de Sophia<\/a><\/strong>, dando vida a un interesante intercambio en el cual no s\u00f3lo ellos le dirigieron preguntas, sino que fueron interrogados a su vez por Nussbaum. Sigui\u00f3 un intercambio no s\u00f3lo sobre la convivencia entre culturas y religiones diferentes, sino tambi\u00e9n sobre los diferentes sistemas educativos, especialmente sentido en virtud de la variada proveniencia geogr\u00e1fica de los participantes.  Pero tambi\u00e9n <strong>la relaci\u00f3n entre Filosof\u00eda y Econom\u00eda ocup\u00f3 una buena parte del debate,<\/strong> a partir de la narraci\u00f3n de una experiencia directa de Nussbaum con Sen: la cual abri\u00f3 el tema de la interdisciplina del saber y la necesidad de una colaboraci\u00f3n entre estudiosos de varios sectores.  <a href=\"https:\/\/www.focolare.org\/wp-content\/uploads\/2011\/06\/20110609-14.jpg\"><img alt=\"\" alt=\"\" loading=\"lazy\" decoding=\"async\" class=\"alignright size-home_top wp-image-38827\" style=\"margin-left: 10px;border: 0pt none\" src=\"https:\/\/www.focolare.org\/wp-content\/uploads\/2011\/06\/20110609-14-421x200.jpg\" alt=\"\" width=\"421\" height=\"200\" \/><\/a>Con respecto a la experiencia de Sophia espec\u00edficamente, Nussbaum observ\u00f3 que ella ofrece \u201cun tipo de formaci\u00f3n interdisciplinaria que es crucial en la formaci\u00f3n de \u201cciudadanos del mundo\u201d; si nos limitamos a un s\u00f3lo campo del saber, no estamos suficientemente equipados en este sentido\u201d. Y a los estudiantes les dirigi\u00f3 la invitaci\u00f3n a \u201ctratar de entender c\u00f3mo<strong> conjugar el enfoque cr\u00edtico y el emocional<\/strong>\u201d, elementos esenciales, seg\u00fan su pensamiento, para construir una sociedad que sepa respetar todos los aspectos de la vida humana.  La conferencia abierta al p\u00fablico, con el t\u00edtulo <strong><em>Public emotions and the decent society<\/em><\/strong> (\u201cEmociones p\u00fablicas y la sociedad decente\u201d), fue una especie de viaje a trav\u00e9s del tiempo y del espacio \u2013de la Europa posterior a la Revoluci\u00f3n Francesa y el pensamiento de <strong>Comte y Mill, hasta la India de Tagore y de Gandhi <\/strong>\u2013para examinar c\u00f3mo la idea de una sociedad construida alrededor de una \u201creligi\u00f3n civil\u201d sostenida \u2013precisamente- por las emociones se abre camino, y se concreta de forma especial en la experiencia del Subcontinente.  Emociones intensas sobre todo en el sentido de \u201cempat\u00eda\u201d con el otro, de capacidad de percibir un \u201cbien com\u00fan\u201d por perseguir que abraza toda la sociedad, que el Estado mismo est\u00e1 llamado a promover a partir de la educaci\u00f3n de los j\u00f3venes.  <em>Fuente: <a href=\"http:\/\/www.cittanuova.it\/index.php?idsito=1\">Citt\u00e0 Nuova<\/a> online<\/em><\/p>\n","protected":false},"excerpt":{"rendered":"<p>La fil\u00f3sofa estadounidense Martha Nussbaum sostuvo el 6 de junio de 2011, en el Instituto Universitario Sophia de Loppiano (Florencia), una conferencia sobre las \u201cEmociones p\u00fablicas\u201d, un enfoque cr\u00edtico y emocional al mismo tiempo, para una sociedad m\u00e1s abierta al bien com\u00fan.<\/p>\n","protected":false},"author":34,"featured_media":0,"comment_status":"open","ping_status":"open","sticky":false,"template":"","format":"standard","meta":{"give_campaign_id":0,"_seopress_robots_primary_cat":"","_seopress_titles_title":"","_seopress_titles_desc":"","_seopress_robots_index":"","_et_pb_use_builder":"","_et_pb_old_content":"","_et_gb_content_width":"","footnotes":""},"categories":[46],"tags":[],"class_list":["post-295414","post","type-post","status-publish","format-standard","hentry","category-sin-categorizar"],"_links":{"self":[{"href":"https:\/\/www.focolare.org\/es\/wp-json\/wp\/v2\/posts\/295414","targetHints":{"allow":["GET"]}}],"collection":[{"href":"https:\/\/www.focolare.org\/es\/wp-json\/wp\/v2\/posts"}],"about":[{"href":"https:\/\/www.focolare.org\/es\/wp-json\/wp\/v2\/types\/post"}],"author":[{"embeddable":true,"href":"https:\/\/www.focolare.org\/es\/wp-json\/wp\/v2\/users\/34"}],"replies":[{"embeddable":true,"href":"https:\/\/www.focolare.org\/es\/wp-json\/wp\/v2\/comments?post=295414"}],"version-history":[{"count":0,"href":"https:\/\/www.focolare.org\/es\/wp-json\/wp\/v2\/posts\/295414\/revisions"}],"wp:attachment":[{"href":"https:\/\/www.focolare.org\/es\/wp-json\/wp\/v2\/media?parent=295414"}],"wp:term":[{"taxonomy":"category","embeddable":true,"href":"https:\/\/www.focolare.org\/es\/wp-json\/wp\/v2\/categories?post=295414"},{"taxonomy":"post_tag","embeddable":true,"href":"https:\/\/www.focolare.org\/es\/wp-json\/wp\/v2\/tags?post=295414"}],"curies":[{"name":"wp","href":"https:\/\/api.w.org\/{rel}","templated":true}]}}