{"id":295446,"date":"2011-06-28T08:18:12","date_gmt":"2011-06-28T06:18:12","guid":{"rendered":"https:\/\/www.focolare.org\/la-politica-para-el-pueblo\/"},"modified":"2024-05-13T20:52:46","modified_gmt":"2024-05-13T18:52:46","slug":"la-politica-para-el-pueblo","status":"publish","type":"post","link":"https:\/\/www.focolare.org\/es\/la-politica-para-el-pueblo\/","title":{"rendered":"La pol\u00edtica para el pueblo"},"content":{"rendered":"<p><strong>\u00abLa pol\u00edtica est\u00e1 hecha para el pueblo y no el pueblo para la pol\u00edtica. <\/strong>Ella es un medio y no un fin. Primero la moral, primero la persona, primero la colectividad, despu\u00e9s el partido, despu\u00e9s la agenda pol\u00edtica, despu\u00e9s las teor\u00edas de gobierno.  La pol\u00edtica es \u2013en el m\u00e1s digno sentido cristiano- una sierva, y no debe volverse patrona: no debe volverse abuso, ni dominio ni tampoco dogma. Est\u00e1 aqu\u00ed su funci\u00f3n y su dignidad: estar al servicio de la sociedad, ser caridad en acci\u00f3n: la primera forma de caridad de patria. [\u2026]  \u00a0A los peri\u00f3dicos llega el eco del <strong>difundido sentimiento de poca estima hacia los partidos y hacia la pol\u00edtica. <\/strong>Algo sabemos tambi\u00e9n nosotros escuchando lo que dicen y leyendo lo que escriben. Parece que para muchos la pol\u00edtica es una actividad inferior y equ\u00edvoca, que compete a los grupos de presi\u00f3n: y no entienden que <strong>si se alejan los honestos de la pol\u00edtica, el campo queda invadido por deshonestos:<\/strong> la pol\u00edtica se lleva con ella toda nuestra vida, aquella f\u00edsica y aquella moral; y una pol\u00edtica hecha por deshonestos lleva a la guerra, a la inestabilidad financiera, a la ruina de toda riqueza p\u00fablica y privada, a la corrupci\u00f3n, al desprecio de la religi\u00f3n, a la destrucci\u00f3n de la familia&#8230; <strong>Si la pol\u00edtica es sucia, en fin, hay que limpiarla: no abandonarla. <\/strong>[\u2026]  \u00a0Ahora bien del tr\u00e1fico de carne humana, consecuencia del tr\u00e1fico de dignidad humana no nos liberamos si <strong>cada uno de nosotros <\/strong>no retoma conciencia de su valor \u2013de su exterminado valor- y con ello la pol\u00edtica, decididos a no dejarnos traficar ni absorber, sino a <strong>trabajar con criterio, con personalidad propia, defendiendo las razones morales. <\/strong>Porque defendi\u00e9ndolas defendemos tambi\u00e9n las razones profesionales, las mismas razones fiscales: la fiscalizaci\u00f3n abusiva nace donde se pierde la perspectiva del ser humano que hay que ayudar y se ve s\u00f3lo al mam\u00edfero que hay que orde\u00f1ar. <strong>Hay que permanecer en la pol\u00edtica, como ciudadanos y no como siervos. <\/strong>A partir de esta posici\u00f3n nace la democracia.  \u00a0Esa conciencia de los propios valores podr\u00eda transformarse en soberbia, es decir torcerse y convertirse en un est\u00edmulo antisocial de explotaci\u00f3n y de dominio: podr\u00eda volcarse. Por esto entre todos los valores el primer\u00edsimo es la caridad, que es ese sentimiento que obliga servir a los propios hermanos. Sin ella, todo valor se deval\u00faa; cada conquista se transforma en esclavitud: <strong>y se pierde tiempo\u00bb<\/strong>.  \u00a0<em><a href=\"https:\/\/www.focolare.org\/es\/chiara-lubich\/chi-e-chiara\/igino-giordani\/\"><strong>Igino Giordani<\/strong><\/a><\/em>  Fuente:<em> La rivolta morale, <\/em>1945, pp.19, 24, 42-43.<\/p>\n","protected":false},"excerpt":{"rendered":"<p>Este texto, citado varias veces a lo largo del congreso \u201cIgino Giordani: de Montecitorio al mundo\u201d, escrito en el \u201945, es m\u00e1s que nunca actual y capaz de difundir luz sobre las dificultades de hoy.<\/p>\n","protected":false},"author":34,"featured_media":0,"comment_status":"open","ping_status":"open","sticky":false,"template":"","format":"standard","meta":{"give_campaign_id":0,"_seopress_robots_primary_cat":"","_seopress_titles_title":"","_seopress_titles_desc":"","_seopress_robots_index":"","_et_pb_use_builder":"","_et_pb_old_content":"","_et_gb_content_width":"","footnotes":""},"categories":[904],"tags":[],"class_list":["post-295446","post","type-post","status-publish","format-standard","hentry","category-focolare-worldwide-2-2"],"_links":{"self":[{"href":"https:\/\/www.focolare.org\/es\/wp-json\/wp\/v2\/posts\/295446","targetHints":{"allow":["GET"]}}],"collection":[{"href":"https:\/\/www.focolare.org\/es\/wp-json\/wp\/v2\/posts"}],"about":[{"href":"https:\/\/www.focolare.org\/es\/wp-json\/wp\/v2\/types\/post"}],"author":[{"embeddable":true,"href":"https:\/\/www.focolare.org\/es\/wp-json\/wp\/v2\/users\/34"}],"replies":[{"embeddable":true,"href":"https:\/\/www.focolare.org\/es\/wp-json\/wp\/v2\/comments?post=295446"}],"version-history":[{"count":0,"href":"https:\/\/www.focolare.org\/es\/wp-json\/wp\/v2\/posts\/295446\/revisions"}],"wp:attachment":[{"href":"https:\/\/www.focolare.org\/es\/wp-json\/wp\/v2\/media?parent=295446"}],"wp:term":[{"taxonomy":"category","embeddable":true,"href":"https:\/\/www.focolare.org\/es\/wp-json\/wp\/v2\/categories?post=295446"},{"taxonomy":"post_tag","embeddable":true,"href":"https:\/\/www.focolare.org\/es\/wp-json\/wp\/v2\/tags?post=295446"}],"curies":[{"name":"wp","href":"https:\/\/api.w.org\/{rel}","templated":true}]}}