{"id":295450,"date":"2011-06-30T11:32:40","date_gmt":"2011-06-30T09:32:40","guid":{"rendered":"https:\/\/www.focolare.org\/obispos-amigos-de-los-focolares-en-kenia-madagascar-camerun\/"},"modified":"2024-05-13T20:52:47","modified_gmt":"2024-05-13T18:52:47","slug":"obispos-amigos-de-los-focolares-en-kenia-madagascar-camerun","status":"publish","type":"post","link":"https:\/\/www.focolare.org\/es\/obispos-amigos-de-los-focolares-en-kenia-madagascar-camerun\/","title":{"rendered":"Obispos amigos de los Focolares en Kenia, Madagascar, Camer\u00fan"},"content":{"rendered":"<p><img alt=\"\" alt=\"\" loading=\"lazy\" decoding=\"async\" class=\"size-200x200 wp-image-40870 alignright\" style=\"margin-left: 10px;border: 0pt none\" src=\"https:\/\/www.focolare.org\/wp-content\/uploads\/2011\/06\/20110630-03-200x141.jpg\" alt=\"\" width=\"200\" height=\"141\" \/><strong>\u201cRedescubrir los designios de Dios hoy\u201d<\/strong> ha sido el tema conductor de los tres congresos internacionales de los <strong><a href=\"https:\/\/www.focolare.org\/es\/movimento-dei-focolari\/scelte-e-impegno\/vescovi\/\">Obispos amigos del Movimiento de los Focolares <\/a><\/strong>en el mes de mayo y junio. El deseo de vivir la comuni\u00f3n fraterna entre los obispos y la profundizaci\u00f3n en la espiritualidad y en la vida de comuni\u00f3n ha sido el argumento central que se puso en evidencia, con caracter\u00edsticas y matices diferentes en cada pa\u00eds.  En Nairobi, en la ciudadela de testimonio de los Focolares de Kenia, llamada tambi\u00e9n<strong> \u201c<a href=\"https:\/\/www.focolare.org\/it\/news\/2011\/01\/20\/cittadella-piero-nairobi\/\">Mari\u00e1polis Piero<\/a>\u201d, <\/strong>del 23 al 27 de mayo, se reunieron diecis\u00e9is Obispos cat\u00f3licos, provenientes de Sud\u00e1frica, Angola, Tanzania, Uganda, Burundi y Kenia. Fueron varios los momentos de intercambio de experiencias, algunas personales y otras pastorales, con una mirada a <strong>algunos de los desaf\u00edos que el continente africano<\/strong> est\u00e1 afrontando. Para saber m\u00e1s cobre el congreso keniata lee: Nairobi: <a href=\"https:\/\/www.focolare.org\/es\/news\/2011\/06\/04\/nairobi-convegno-di-vescovi-amici-dei-focolari\/\"><strong>congreso de obispos amigos de los Focolares<\/strong><\/a>.  <img alt=\"\" alt=\"\" loading=\"lazy\" decoding=\"async\" class=\"alignleft size-200x200 wp-image-40872\" style=\"border: 0pt none;margin: 10px\" src=\"https:\/\/www.focolare.org\/wp-content\/uploads\/2011\/06\/20110630-02-200x170.jpg\" alt=\"\" width=\"200\" height=\"170\" \/>En Moramanga, <strong>Madagascar<\/strong>, la cuarta isla m\u00e1s grande del mundo, del 31 de mayo al 3 de junio, se realiz\u00f3 una muy participativa la cita con nove Obispos venidos de todas partes de la Isla. Entre ellos<strong> Mons. Antonio Scopeletti<\/strong>, quien lleg\u00f3 al lugar siendo un joven misionero y que desde hace muchos a\u00f1os es obispo de Ambatondrazaka y promotor de la comuni\u00f3n entre los obispos, con sacerdotes y laicos, pero tambi\u00e9n hab\u00eda varios obispos originarios de Madagascar, como <strong>Mons. Michel Malo <\/strong>(Arzobispo de Antsirananaa) y el Nuncio Apost\u00f3lico <strong>Mons. Eugene Martin Nugent<\/strong>.  La \u00faltima cita fue en Camer\u00fan: empez\u00f3 en Bamenda el 7 de junio y se concluy\u00f3 el 11 de junio en la ciudadela de Fontem. Fueron a acoger a los obispos el prefecto y dos \u201cChiefs\u201d (jefes) de la tribu de los Bangwa, quienes expresaron su alegr\u00eda de recibir a los ilustres visitantes en una tierra que es testimonio de la \u201cnueva evangelizaci\u00f3n\u201d, encaminada a partir de la experiencia de unidad entre su pueblo y los Focolares. A trav\u00e9s de la visita al hospital, al colegio y a la carpinter\u00eda los obispos pudieron darse cuenta de la vida evang\u00e9lica de cada d\u00eda, apreciando sobre todo \u201cel amor con el que se llevan adelante todas las actividades\u201d.  Est\u00e1 vivo en ellos es recuerdo de <strong>Mons. Paul Verdzekov<\/strong>, fallecido el a\u00f1o pasado, quien durante su vida dio un fuerte testimonio, con ra\u00edces en la espiritualidad focolarina. \u201cHa sido un padre para todos nosotros\u201d comentaba <strong>Mons. Ntep<\/strong>, obispo de Ed\u00e9a (Camer\u00fan). En la catedral, despu\u00e9s de haber visitado su tumba, celebraron la Santa Misa con la participaci\u00f3n de muchos cristianos para quienes su memoria est\u00e1 siempre presente. Los obispos aprovecharon estos d\u00edas para profundizar en temas de gran inter\u00e9s para ellos: los <strong>efectos de la <a href=\"http:\/\/www.edc-online.org\/es.html\">Econom\u00eda de comuni\u00f3n<\/a> en \u00c1frica<\/strong>, la <strong>Formaci\u00f3n de los Formadores<\/strong>, la Exhortaci\u00f3n Apost\u00f3lica <strong><em>\u201cVerbum Domini\u201d. <\/em><\/strong>  Fue tambi\u00e9n importante el tema de la Inculturaci\u00f3n. Al respecto, Mons. Ntalou, obispo de Garoua (Camer\u00fan) dijo: \u201cAs\u00ed como es necesario hacer el esfuerzo para conocer las \u2018semillas del Verbo\u2019 en nuestras culturas, de igual forma tenemos que esforzarnos en conocer la luz del Evangelio, porque es en Jes\u00fas y s\u00f3lo en \u00c9l donde encontramos la plenitud de la salvaci\u00f3n\u201d.  <a href=\"https:\/\/www.focolare.org\/wp-content\/uploads\/2011\/06\/20110630-01.jpg\"><img alt=\"\" alt=\"\" loading=\"lazy\" decoding=\"async\" class=\"alignright size-200x200 wp-image-40873\" style=\"border: 0pt none;margin: 10px\" src=\"https:\/\/www.focolare.org\/wp-content\/uploads\/2011\/06\/20110630-01-200x128.jpg\" alt=\"\" width=\"200\" height=\"128\" \/><\/a>En el saludo final <strong>Mons. Bushu<\/strong>, obispo de Bu\u00e9a (Camer\u00fan) pareci\u00f3 expresar el pensamiento de todos: <em>\u201cAgradezco a Dios por esta semana, por haber vivido ante Su presencia&#8230;\u201d.<\/em>  <strong>\u201cLa santidad es un don, no una actividad\u201d- <\/strong>concluy\u00f3 el cardenal, subrayando como todo es don de Dios: \u201cNuestra identidad es vivir en armon\u00eda con el don recibido\u201d.  En los tres Congresos el \u00e1pice fue el <strong>\u201cPacto del <a href=\"https:\/\/www.focolare.org\/es\/chiara-lubich\/spiritualita-dellunita\/amore-reciproco\/\">amor rec\u00edproco<\/a>\u201d, realizado entre los obispos <\/strong>presentes durante la concelebraci\u00f3n eucar\u00edstica.<\/p>\n","protected":false},"excerpt":{"rendered":"<p>Las tres citas internacionales han reunido a obispos provenientes de 14 naciones africanas. El Card. Miloslav Vlk, arzobispo em\u00e9rito de Praga (Rep\u00fablica Checa), y Mons. Agostino Delfino, obispo em\u00e9rito de Berb\u00e9rati, (Rep\u00fablica Centroafricana) han sido los promotores de la iniciativa y nos dan noticias a su regreso.<\/p>\n","protected":false},"author":34,"featured_media":0,"comment_status":"open","ping_status":"open","sticky":false,"template":"","format":"standard","meta":{"give_campaign_id":0,"_seopress_robots_primary_cat":"","_seopress_titles_title":"","_seopress_titles_desc":"","_seopress_robots_index":"","_et_pb_use_builder":"","_et_pb_old_content":"","_et_gb_content_width":"","footnotes":""},"categories":[904],"tags":[],"class_list":["post-295450","post","type-post","status-publish","format-standard","hentry","category-focolare-worldwide-2-2"],"_links":{"self":[{"href":"https:\/\/www.focolare.org\/es\/wp-json\/wp\/v2\/posts\/295450","targetHints":{"allow":["GET"]}}],"collection":[{"href":"https:\/\/www.focolare.org\/es\/wp-json\/wp\/v2\/posts"}],"about":[{"href":"https:\/\/www.focolare.org\/es\/wp-json\/wp\/v2\/types\/post"}],"author":[{"embeddable":true,"href":"https:\/\/www.focolare.org\/es\/wp-json\/wp\/v2\/users\/34"}],"replies":[{"embeddable":true,"href":"https:\/\/www.focolare.org\/es\/wp-json\/wp\/v2\/comments?post=295450"}],"version-history":[{"count":0,"href":"https:\/\/www.focolare.org\/es\/wp-json\/wp\/v2\/posts\/295450\/revisions"}],"wp:attachment":[{"href":"https:\/\/www.focolare.org\/es\/wp-json\/wp\/v2\/media?parent=295450"}],"wp:term":[{"taxonomy":"category","embeddable":true,"href":"https:\/\/www.focolare.org\/es\/wp-json\/wp\/v2\/categories?post=295450"},{"taxonomy":"post_tag","embeddable":true,"href":"https:\/\/www.focolare.org\/es\/wp-json\/wp\/v2\/tags?post=295450"}],"curies":[{"name":"wp","href":"https:\/\/api.w.org\/{rel}","templated":true}]}}