{"id":295460,"date":"2011-07-09T13:48:54","date_gmt":"2011-07-09T11:48:54","guid":{"rendered":"https:\/\/www.focolare.org\/loppianolab-un-arsenal-de-ideas-y-de-retos\/"},"modified":"2024-05-13T20:52:48","modified_gmt":"2024-05-13T18:52:48","slug":"loppianolab-un-arsenal-de-ideas-y-de-retos","status":"publish","type":"post","link":"https:\/\/www.focolare.org\/es\/loppianolab-un-arsenal-de-ideas-y-de-retos\/","title":{"rendered":"LoppianoLab, un arsenal de ideas y de retos"},"content":{"rendered":"<p><img alt=\"\" alt=\"\" loading=\"lazy\" decoding=\"async\" class=\"alignright size-200x200 wp-image-41366\" style=\"margin-left: 10px;border: 0pt none\" src=\"https:\/\/www.focolare.org\/wp-content\/uploads\/2011\/07\/20110709-01-200x198.jpg\" alt=\"\" width=\"200\" height=\"198\" \/><strong>Regresa la cita anual de LoppianoLab, <\/strong>taller nacional y multi-evento, a realizarse\u00a0del 15 al 18 de septiembre pr\u00f3ximos, en la ciudadela internacional de <strong><a href=\"http:\/\/www.loppiano.it\/default.asp?s=64\">Loppiano<\/a><\/strong> (Florencia). La primera edici\u00f3n, el a\u00f1os pasado, registr\u00f3 alrededor de 3.000 presencias en el arco de 4 d\u00edas.  <strong>\u201cEsperar con Italia. En red por el Bien com\u00fan en el 150\u00b0 de la unidad\u00bb. <\/strong>Es el t\u00edtulo que hace de hilo conductor de las tantas citas que est\u00e1n en cartelera y que apuntan todas en la misma direcci\u00f3n: crear sinergias y entretejer relaciones entre mundos, disciplinas, personas.  Si, porque, a pesar de las apremiantes y cotidianas fuerzas centr\u00edpetas que luchan en el tejido del pa\u00eds, hay deseo de encuentro e intercambio en esta Italia del 2011, en donde la precariedad es a menudo el m\u00ednimo com\u00fan denominador tanto para los ciudadanos como para la gran empresa. Para no hablar de otras voces fugitivas como cultura, comunicaci\u00f3n o formaci\u00f3n, en donde cuesta encontrar una direcci\u00f3n socialmente compartida.  \u00a0<strong>En el LoppianoLab<\/strong>, la oferta est\u00e1 clara: no se pretenden encontrar todas las respuestas, sino m\u00e1s bien trazar un itinerario compartido y ofrecer un espacio de di\u00e1logo a 360\u00b0, en donde la econom\u00eda se entrecruce con la cultura, con la formaci\u00f3n, con la comunicaci\u00f3n, para aprender a remar todos en la misma direcci\u00f3n: la del bien com\u00fan del pa\u00eds.  \u00a0<strong>Los promotores <\/strong>del evento expresan bien el panorama heterog\u00e9neo que es el marco de la cita: que va de la ciudadela internacional de Loppiano \u2013con 800 habitantes de unos sesenta pa\u00edses-, a la <strong><a href=\"http:\/\/www.edicspa.com\/default.asp\">Zona Empresarial Bonfanti<\/a>,<\/strong> de las empresas de <strong><a href=\"http:\/\/www.edc-online.org\/\">EdC<\/a><\/strong>, al <strong><a href=\"http:\/\/www.iu-sophia.org\/default.asp?s=232\">Instituto Universitario Sophia<\/a><\/strong>, al Grupo editorial <strong><a href=\"http:\/\/www.cittanuova.it\/\">Citt\u00e1 Nuova<\/a><\/strong>.  Tambi\u00e9n este a\u00f1o habr\u00e1 una <strong>Expo de las empresas<\/strong>, con doble funci\u00f3n, de espacio expositivo y de encuentro, con exposiciones y mesas redondas para las empresas en b\u00fasqueda de ideas y proyectos, dirigidos hacia una econom\u00eda m\u00e1s al servicio del hombre.  \u00a0Est\u00e1 en programa <strong>la Convenci\u00f3n de Econom\u00eda de Comuni\u00f3n, 20 a\u00f1os despu\u00e9s de su nacimiento, la <em>propuesta cultural<\/em> del Instituto Universitario Sophia: \u201cLa trinidad, \u00bfun camino de vida?\u201d. <\/strong>Teolog\u00eda, filosof\u00eda, arte y cine en di\u00e1logo. El Grupo editorial <strong>Citt\u00e0 Nuova propone <\/strong>una serie de talleres sobre el tema de la participaci\u00f3n y el compromiso social, junto al congreso <strong>\u201c\u00a1\u00c1nimo Italia!\u201d: <\/strong>que ofrece un di\u00e1logo entre expertos, j\u00f3venes en \u201cb\u00fasqueda de futuro\u201d y ciudadanos comprometidos.  \u00a0<strong>Entre las novedades de esta edici\u00f3n de la Open city est\u00e1n: <\/strong>una serie de\u00a0itinerarios entre\u00a0distintas culturas, ritmos y sabores, en el esp\u00edritu de fraternidad que caracteriza estos lugares. Se cerrar\u00e1 la serie de citas con una plenaria,\u00a0en el congreso que lleva el t\u00edtulo del evento, a cargo de los cuatro promotores.  \u00a0<strong>Entonces hasta la vista en Loppiano Lab: <\/strong>arsenal de ideas y de retos en todas partes, por una Italia cada vez m\u00e1s \u201cconstruida por todos.  <a title=\"LoppianoLab 2011\" href=\"http:\/\/www.edicspa.it\/public\/documents\/LoppianoLab2011-Programma.pdf\" target=\"_blank\" rel=\"noopener\">Programa de LoppianoLab 2011<\/a><\/p>\n","protected":false},"excerpt":{"rendered":"<p>Est\u00e1n en ebullici\u00f3n los preparativos de la segunda edici\u00f3n del laboratorio nacional de econom\u00eda, cultura, comunicaci\u00f3n, y formaci\u00f3n. En sinergia, para darle un car\u00e1cter innovador y  \u201cEsperar con Italia\u201d.<\/p>\n","protected":false},"author":34,"featured_media":0,"comment_status":"open","ping_status":"open","sticky":false,"template":"","format":"standard","meta":{"give_campaign_id":0,"_seopress_robots_primary_cat":"","_seopress_titles_title":"","_seopress_titles_desc":"","_seopress_robots_index":"","_et_pb_use_builder":"","_et_pb_old_content":"","_et_gb_content_width":"","footnotes":""},"categories":[904],"tags":[],"class_list":["post-295460","post","type-post","status-publish","format-standard","hentry","category-focolare-worldwide-2-2"],"_links":{"self":[{"href":"https:\/\/www.focolare.org\/es\/wp-json\/wp\/v2\/posts\/295460","targetHints":{"allow":["GET"]}}],"collection":[{"href":"https:\/\/www.focolare.org\/es\/wp-json\/wp\/v2\/posts"}],"about":[{"href":"https:\/\/www.focolare.org\/es\/wp-json\/wp\/v2\/types\/post"}],"author":[{"embeddable":true,"href":"https:\/\/www.focolare.org\/es\/wp-json\/wp\/v2\/users\/34"}],"replies":[{"embeddable":true,"href":"https:\/\/www.focolare.org\/es\/wp-json\/wp\/v2\/comments?post=295460"}],"version-history":[{"count":0,"href":"https:\/\/www.focolare.org\/es\/wp-json\/wp\/v2\/posts\/295460\/revisions"}],"wp:attachment":[{"href":"https:\/\/www.focolare.org\/es\/wp-json\/wp\/v2\/media?parent=295460"}],"wp:term":[{"taxonomy":"category","embeddable":true,"href":"https:\/\/www.focolare.org\/es\/wp-json\/wp\/v2\/categories?post=295460"},{"taxonomy":"post_tag","embeddable":true,"href":"https:\/\/www.focolare.org\/es\/wp-json\/wp\/v2\/tags?post=295460"}],"curies":[{"name":"wp","href":"https:\/\/api.w.org\/{rel}","templated":true}]}}