{"id":295472,"date":"2011-07-20T07:25:16","date_gmt":"2011-07-20T05:25:16","guid":{"rendered":"https:\/\/www.focolare.org\/tanzania-profundizar-en-los-valores-evangelicos-bajo-el-signo-del-nosotros\/"},"modified":"2024-05-13T20:52:50","modified_gmt":"2024-05-13T18:52:50","slug":"tanzania-profundizar-en-los-valores-evangelicos-bajo-el-signo-del-nosotros","status":"publish","type":"post","link":"https:\/\/www.focolare.org\/es\/tanzania-profundizar-en-los-valores-evangelicos-bajo-el-signo-del-nosotros\/","title":{"rendered":"Tanzania: Profundizar en los valores evang\u00e9licos bajo el signo del \u201cnosotros\u201d"},"content":{"rendered":"<p>Despu\u00e9s de un viaje de alrededor de 32 horas, Franco Pizzorno y Pierangelo Tassano del <strong><a href=\"https:\/\/www.focolare.org\/es\/movimento-dei-focolari\/un-popolo\/umanita-nuova\/\">Movimiento Humanidad Nueva<\/a><\/strong> llegaron a Singida, en <strong><a href=\"https:\/\/www.focolare.org\/it\/focolare-worldwide\/africa\/tanzania\/\">Tanzania<\/a><\/strong>.  El objetivo del viaje: participar en una escuela de formaci\u00f3n, del 21 al 25 de junio, para 70 dirigentes de los<strong><a href=\"https:\/\/www.focolare.org\/es\/movimento-dei-focolari\/scelte-e-impegno\/volontari\/\"> \u201cvoluntarios de Dios\u201d&lt;\/<\/a>strong&gt; provenientes de Kenia, Uganda, Burundi, Ruanda, Congo y Tanzania comprometidos en infundir en varios \u00e1mbitos de la sociedad los valores del Evangelio.  <img alt=\"\" alt=\"\" loading=\"lazy\" decoding=\"async\" class=\"alignleft size-full wp-image-41842\" style=\"margin-right: 10px;border: 0pt none\" src=\"https:\/\/www.focolare.org\/wp-content\/uploads\/2011\/07\/20110720-b.jpg\" alt=\"\" width=\"210\" height=\"128\" \/>Intensos y fruct\u00edferos los cinco d\u00edas de escuela, durante los cuales se puso en evidencia la importancia de dar testimonio con la vida de la actualidad y la eficacia de las palabras del Evangelio. Las reflexiones culturales y espirituales, a cargo de los mismos voluntarios y voluntarias, suscitaron un intercambio profundo de experiencias, hicieron surgir las l\u00edneas fundamentales para la b\u00fasqueda del bien com\u00fan y de la paz en la sociedad y entre las etnias, con especial referencia al mundo del trabajo y de la educaci\u00f3n.  \u00a0<em>\u00abLos pueblos de estas Naciones <\/em>\u2013cuentan Franco y Pierangelo- <em>llevan en el ADN la semilla de la comuni\u00f3n y de una aut\u00e9ntica creatividad, quiz\u00e1s en una medida mayor con respecto a la de los de otros continentes.<\/em>  <em>El t\u00e9rmino t\u00edpicamente africano <strong>\u201cUbuntu\u201d, <\/strong>que<strong> <\/strong>expresa la realidad<strong> \u201cyo soy lo que soy por m\u00e9rito de lo que somos todos\u201d, <\/strong>es la ra\u00edz natural de una cultura hecha de relaciones que hace ver los problemas desde una \u00f3ptica distinta, abriendo espacio a nuevas intuiciones desde donde surgen soluciones v\u00e1lidas para los problemas de la sociedad africana y no s\u00f3lo\u00bb.<\/em>  &gt;<img alt=\"\" alt=\"\" loading=\"lazy\" decoding=\"async\" class=\"alignright size-full wp-image-41844\" style=\"margin-left: 10px;border: 0pt none\" src=\"https:\/\/www.focolare.org\/wp-content\/uploads\/2011\/07\/20110720-c1.jpg\" alt=\"\" width=\"210\" height=\"128\" \/>&lt;\/<strong>Cuenta Jean Bosco, ugand\u00e9s:<\/strong> <em>\u00ab<\/em><em>M. vive en mi ciudad. Es una persona enferma de SIDA y otras enfermedades colaterales. Es anciano e indigente. Convoqu\u00e9 a una reuni\u00f3n del comit\u00e9 ejecutivo de la parroquia para entender c\u00f3mo ayudarlo, y con mi esposa nos hicimos cargo de \u00e9l: lo mantuvimos con comida, medicinas, lav\u00e1ndole la ropa\u2026 y tambi\u00e9n otros amigos nos ayudaron a asistirlo. M. hora forma parte de nuestra comunidad. Estos gesto no pasaron desapercibidos y nuestro testimonio se ha convertido en un est\u00edmulo para que muchos mejoren su sensibilidad hacia quien pasa necesidad\u00bb.<\/em>  \u00a0<strong>Concluyen Franco y Pierangelo:<\/strong> <em>\u00abPartimos con la conciencia de que los pueblos de este continente tienen mucho que donar a todo el mundo, y por lo tanto nos pusimos a la escucha de sus necesidades m\u00e1s urgentes, pero sobre todo de una cultura tan distinta y tan rica. Como siempre hemos recibido much\u00edsimo m\u00e1s de lo que hemos dado.\u00bb<\/em>  <em>\u00a0<\/em><\/p>\n","protected":false},"excerpt":{"rendered":"<p>A finales de junio tuvo lugar un curso de formaci\u00f3n para \u201clos voluntarios y las voluntarias de Dios\u201d en Singida, en Tanzania. Una escuela donde el intercambio fue uno de sus rasgos caracter\u00edsticos.<\/p>\n","protected":false},"author":34,"featured_media":0,"comment_status":"open","ping_status":"open","sticky":false,"template":"","format":"standard","meta":{"give_campaign_id":0,"_seopress_robots_primary_cat":"","_seopress_titles_title":"","_seopress_titles_desc":"","_seopress_robots_index":"","_et_pb_use_builder":"","_et_pb_old_content":"","_et_gb_content_width":"","footnotes":""},"categories":[904],"tags":[],"class_list":["post-295472","post","type-post","status-publish","format-standard","hentry","category-focolare-worldwide-2-2"],"_links":{"self":[{"href":"https:\/\/www.focolare.org\/es\/wp-json\/wp\/v2\/posts\/295472","targetHints":{"allow":["GET"]}}],"collection":[{"href":"https:\/\/www.focolare.org\/es\/wp-json\/wp\/v2\/posts"}],"about":[{"href":"https:\/\/www.focolare.org\/es\/wp-json\/wp\/v2\/types\/post"}],"author":[{"embeddable":true,"href":"https:\/\/www.focolare.org\/es\/wp-json\/wp\/v2\/users\/34"}],"replies":[{"embeddable":true,"href":"https:\/\/www.focolare.org\/es\/wp-json\/wp\/v2\/comments?post=295472"}],"version-history":[{"count":0,"href":"https:\/\/www.focolare.org\/es\/wp-json\/wp\/v2\/posts\/295472\/revisions"}],"wp:attachment":[{"href":"https:\/\/www.focolare.org\/es\/wp-json\/wp\/v2\/media?parent=295472"}],"wp:term":[{"taxonomy":"category","embeddable":true,"href":"https:\/\/www.focolare.org\/es\/wp-json\/wp\/v2\/categories?post=295472"},{"taxonomy":"post_tag","embeddable":true,"href":"https:\/\/www.focolare.org\/es\/wp-json\/wp\/v2\/tags?post=295472"}],"curies":[{"name":"wp","href":"https:\/\/api.w.org\/{rel}","templated":true}]}}