{"id":295514,"date":"2011-08-08T13:17:01","date_gmt":"2011-08-08T11:17:01","guid":{"rendered":"https:\/\/www.focolare.org\/congreso-panafricano-de-los-sacerdotes-de-los-focolares\/"},"modified":"2024-05-13T20:52:55","modified_gmt":"2024-05-13T18:52:55","slug":"congreso-panafricano-de-los-sacerdotes-de-los-focolares","status":"publish","type":"post","link":"https:\/\/www.focolare.org\/es\/congreso-panafricano-de-los-sacerdotes-de-los-focolares\/","title":{"rendered":"Congreso Panafricano de los Sacerdotes de los Focolares"},"content":{"rendered":"<p><a href=\"https:\/\/www.focolare.org\/wp-content\/uploads\/2011\/08\/20110808-02.jpg\"><img alt=\"\" alt=\"\" loading=\"lazy\" decoding=\"async\" class=\"alignleft size-full wp-image-43067\" style=\"margin-right: 10px;border: 0pt none\" src=\"https:\/\/www.focolare.org\/wp-content\/uploads\/2011\/08\/20110808-02.jpg\" alt=\"\" width=\"443\" height=\"295\" \/><\/a><strong>110 sacerdotes, provenientes de 20 pa\u00edses africanos, se reunieron en Nairobi del 27 de julio al 4 de agosto para la \u201cPanafrican Conference of Focolare Priests\u201d.<\/strong> \u201cEn la Iglesia Familia de Dios: un camino para los sacerdotes hoy\u201d es el t\u00edtulo del encuentro. Con reflexiones, talleres y plenarias se afrontaron algunos de los desaf\u00edos m\u00e1s \u00e1lgidos para la Iglesia en el Continente.  <strong>\u00bfQu\u00e9 tienen en com\u00fan estos sacerdotes, de tan distinta extracci\u00f3n, llegados a la <a href=\"https:\/\/www.focolare.org\/it\/focolare-worldwide\/africa\/kenya\/\">ciudadela de los Focolares \u201cPiero Pasolini\u201d, <\/a>en los alrededores de Nairobi (Kenia)? <\/strong>Contribuir al redescubrimiento y a la actuaci\u00f3n del designio de Dios sobre este continente, a la luz de la propuesta evang\u00e9lica del Movimiento, presente en tierra africana desde hace casi cincuenta a\u00f1os.  <em><strong>\u00abDeseo de coraz\u00f3n que la presencia del Resucitado en medio de ustedes pueda ser una luz<\/strong> para entender c\u00f3mo Jes\u00fas desea al sacerdote en nuestros d\u00edas y cu\u00e1l puede ser su servicio a la Iglesia de \u00c1frica, tan amada por todos nosotros y que tanto puede dar al mundo entero\u00bb,<\/em> escribi\u00f3 <strong><a href=\"https:\/\/www.focolare.org\/es\/la-presidente-maria-voce\/\">Mar\u00eda Voce<\/a><\/strong>, presidente del Movimiento, en un mensaje enviado para la inauguraci\u00f3n de la Conferencia.  <strong>El Congreso expres\u00f3 con la vida las grandes potencialidades de los sacerdotes africanos.<\/strong> Lo subray\u00f3 tambi\u00e9n la edad promedio de los presentes -35 a\u00f1os m\u00e1s o menos- muchos de los cuales ya con encargos de responsabilidad.  <img alt=\"\" alt=\"\" loading=\"lazy\" decoding=\"async\" class=\"alignright size-home_top wp-image-43079\" src=\"https:\/\/www.focolare.org\/wp-content\/uploads\/2011\/08\/20110808-041-421x200.jpg\" alt=\"\" width=\"421\" height=\"200\" \/>En \u00c1frica, definida por alguno de los mismos participantes como el \u201c\u00c1frica de las crisis\u201d,<strong> la realidad de la familia, tan fundamental en la cultura social y eclesial africana<\/strong>, ha asumido nueva luz e intensidad desde la \u00f3ptica del amor rec\u00edproco y de la unidad del Evangelio. El descubrimiento de Jes\u00fas <strong><a href=\"https:\/\/www.focolare.org\/es\/chiara-lubich\/spiritualita-dellunita\/gesu%CC%80-abbandonato\/\">crucificado y abandonado<\/a><\/strong>, como clave de la reconciliaci\u00f3n y la paz, llev\u00f3 a no sentir que fuese utop\u00eda este reto, a entrar dentro de las heridas y a sentirse protagonistas de un camino de renovaci\u00f3n y de comuni\u00f3n que tiene como medida el amor sin medida de Cristo.  Todo se desarroll\u00f3 seg\u00fan un ritmo de escucha e intercambio, con meditaciones y reflexiones, momentos de comuni\u00f3n y de estudio en grupos y plenarias para comunicar y tratar de integrar dicha visi\u00f3n en una propuesta cultural y vital para la Iglesia en \u00c1frica. Todo enriquecido con experiencias de vida ya en acto \u201cdonadas \u2013como escribi\u00f3 uno de los participantes- bajo la forma de narraciones ciertamente no cient\u00edficas y sin embargo con un estilo familiar, ordenado, que llevaba a meditar\u201d.  <a href=\"https:\/\/www.focolare.org\/wp-content\/uploads\/2011\/08\/20110808-011.jpg\"><img alt=\"\" alt=\"\" loading=\"lazy\" decoding=\"async\" class=\"alignleft size-large wp-image-43066\" style=\"margin-right: 10px;border: 0pt none\" src=\"https:\/\/www.focolare.org\/wp-content\/uploads\/2011\/08\/20110808-011-210x139.jpg\" alt=\"\" width=\"210\" height=\"139\" \/><\/a>Se renov\u00f3 as\u00ed la conciencia del llamado, a redescubrirse en el fondo del coraz\u00f3n como hombres de Dios llamados a evangelizar \u00c1frica con las armas del esp\u00edritu del amor y de la unidad. Con la capacidad de ir contra la corriente, como subray\u00f3 durante su intervenci\u00f3n en el Congreso, <strong>el Nuncio Apost\u00f3lico de Kenia, Mons. Paul Alain Lebeaupin<\/strong>. Mientras que <strong>el Arzobispo de Mombasa, Boniface Lele, <\/strong>invit\u00f3 a los presentes a tener una gran apertura y a ayudarse rec\u00edprocamente entre sacerdotes, para ser, con toda la humanidad, coherentes servidores de la \u201cFamilia de Dios\u201d.  <strong><a href=\"https:\/\/www.focolare.org\/wp-content\/uploads\/2011\/08\/20110808-03.jpg\"><img alt=\"\" alt=\"\" loading=\"lazy\" decoding=\"async\" class=\"alignright size-large wp-image-43065\" style=\"margin-left: 10px;border: 0pt none\" src=\"https:\/\/www.focolare.org\/wp-content\/uploads\/2011\/08\/20110808-03-210x157.jpg\" alt=\"\" width=\"210\" height=\"157\" \/><\/a>Las naciones de proveniencia iban desde el Atl\u00e1ntico hasta el Mar \u00cdndico, abrazando la parte central y austral de \u00c1frica:<\/strong> Guinea-Bissau, Burkina Faso, Costa de Marfil, Sierra Leona, Togo, Ben\u00edn, Nigeria, Camer\u00fan, Rep\u00fablica Centroafricana, Gab\u00f3n, Rep\u00fablica Democr\u00e1tica del Congo, Angola, Zambia, Sud\u00e1frica, Kenia, Tanzania, Uganda, Ruanda, Burundi y Madagascar.  <em>A cargo del Centro Sacerdotal de los Focolares<\/em><\/p>\n","protected":false},"excerpt":{"rendered":"<p>En Kenia, del 27 de julio al 4 de agosto, se reunieron un centenar de sacerdotes provenientes de 20 pa\u00edses africanos, para la Panafrican Conference of Focolare Priests. \u201cEn la Iglesia Familia de Dios: un camino para los sacerdotes hoy\u201d, fue el argumento del encuentro.<\/p>\n","protected":false},"author":34,"featured_media":0,"comment_status":"open","ping_status":"open","sticky":false,"template":"","format":"standard","meta":{"give_campaign_id":0,"_seopress_robots_primary_cat":"","_seopress_titles_title":"","_seopress_titles_desc":"","_seopress_robots_index":"","_et_pb_use_builder":"","_et_pb_old_content":"","_et_gb_content_width":"","footnotes":""},"categories":[904],"tags":[],"class_list":["post-295514","post","type-post","status-publish","format-standard","hentry","category-focolare-worldwide-2-2"],"_links":{"self":[{"href":"https:\/\/www.focolare.org\/es\/wp-json\/wp\/v2\/posts\/295514","targetHints":{"allow":["GET"]}}],"collection":[{"href":"https:\/\/www.focolare.org\/es\/wp-json\/wp\/v2\/posts"}],"about":[{"href":"https:\/\/www.focolare.org\/es\/wp-json\/wp\/v2\/types\/post"}],"author":[{"embeddable":true,"href":"https:\/\/www.focolare.org\/es\/wp-json\/wp\/v2\/users\/34"}],"replies":[{"embeddable":true,"href":"https:\/\/www.focolare.org\/es\/wp-json\/wp\/v2\/comments?post=295514"}],"version-history":[{"count":0,"href":"https:\/\/www.focolare.org\/es\/wp-json\/wp\/v2\/posts\/295514\/revisions"}],"wp:attachment":[{"href":"https:\/\/www.focolare.org\/es\/wp-json\/wp\/v2\/media?parent=295514"}],"wp:term":[{"taxonomy":"category","embeddable":true,"href":"https:\/\/www.focolare.org\/es\/wp-json\/wp\/v2\/categories?post=295514"},{"taxonomy":"post_tag","embeddable":true,"href":"https:\/\/www.focolare.org\/es\/wp-json\/wp\/v2\/tags?post=295514"}],"curies":[{"name":"wp","href":"https:\/\/api.w.org\/{rel}","templated":true}]}}