{"id":295528,"date":"2011-08-16T13:33:50","date_gmt":"2011-08-16T11:33:50","guid":{"rendered":"https:\/\/www.focolare.org\/jmj-fiesta-en-barcelona-con-el-gen-rosso\/"},"modified":"2024-05-13T20:52:57","modified_gmt":"2024-05-13T18:52:57","slug":"jmj-fiesta-en-barcelona-con-el-gen-rosso","status":"publish","type":"post","link":"https:\/\/www.focolare.org\/es\/jmj-fiesta-en-barcelona-con-el-gen-rosso\/","title":{"rendered":"JMJ: fiesta en Barcelona con el Gen Rosso"},"content":{"rendered":"<p><a href=\"https:\/\/www.focolare.org\/wp-content\/uploads\/2011\/08\/20110816-07-e1313585918667.jpg\"><img alt=\"\" alt=\"\" loading=\"lazy\" decoding=\"async\" class=\"alignleft size-home_top wp-image-43540\" style=\"border: 0pt none;margin-right: 10px\" src=\"https:\/\/www.focolare.org\/wp-content\/uploads\/2011\/08\/20110816-07-e1313585918667-421x200.jpg\" alt=\"\" width=\"421\" height=\"200\" \/><\/a>En el contexto de la <strong><a href=\"http:\/\/www.madrid11.com\/es\">Jornada Mundial de la Juventud<\/a><\/strong>, el conjunto internacional <strong><a href=\"http:\/\/www.genrosso.com\/index.php?lang=es\">Gen Rosso<\/a><\/strong> se present\u00f3, el 13 de agosto, delante de m\u00e1s de 30.000 j\u00f3venes que llegaron a Espa\u00f1a de todo el mundo para la preparaci\u00f3n de la XXVI edici\u00f3n del gran evento juvenil en curso, junto a los j\u00f3venes catalanes y de toda Espa\u00f1a.  <em> \u201cLa mayor\u00eda de los j\u00f3venes que transcurrieron estos d\u00edas de convivencia en Barcelona<\/em> \u2013escriben los m\u00fasicos del Gen Rosso- <em>provienen de Francia, Italia, Alemania, Rep\u00fablica Checa, Polonia, B\u00e9lgica&#8230;; pero tambi\u00e9n de Australia, Indonesia, Brasil, Canad\u00e1, Uganda, Siria&#8230;\u201d.<\/em>  El cardenal de Barcelona, Luis Mart\u00ednez Sistach  acababa de lanzar un reto a los j\u00f3venes: <em>\u201cEstar presentes en todas partes, amando a todas las personas sin distinci\u00f3n alguna, pero con un amor preferencial por los pobres\u201d<\/em>, ayud\u00e1ndolos a amar a Jes\u00fas seg\u00fan el ejemplo de Mar\u00eda.  <em>\u00abAmar a las personas sin hacer ning\u00fan tipo de distinci\u00f3n<\/em> \u2013 dicen los del Gen Rosso- <em>nos pareci\u00f3 el mejor boleto de entrada para nuestro concierto de la noche\u00bb <\/em>  <strong>Para el conjunto no son nuevas en las Jornadas mundiales de la Juventud, les preguntamos qu\u00e9 esperan de esta de Madrid:<\/strong> <em>\u201cHoy muchos j\u00f3venes reaccionan contra un sistema que no piensa como ellos; la JMJ es otra expresi\u00f3n de rebeli\u00f3n, pero no contra algo o alguien sino a favor de los valores evang\u00e9licos que Jes\u00fas nos dej\u00f3\u201d.<\/em>  <img alt=\"\" alt=\"\" loading=\"lazy\" decoding=\"async\" class=\"size-full wp-image-43478 alignright\" style=\"margin-left: 10px;border: 0pt none\" src=\"https:\/\/www.focolare.org\/wp-content\/uploads\/2011\/08\/20110816-05.jpg\" alt=\"\" width=\"384\" height=\"257\" \/>Al regreso de una gira por Cuba, Jamaica, China y Marruecos&#8230; les pedimos que dieran una breve impresi\u00f3n:<em> \u201cHabr\u00eda mucho que decir&#8230; \u00a1pero damos s\u00f3lo un msj! Un denominador com\u00fan que hemos encontrado, tambi\u00e9n aqu\u00ed, es el constatar que un mundo unido es posible, que no es utop\u00eda. Hemos encontrado j\u00f3venes, en estos pa\u00edses tan distintos, muy disponibles a compartir nuestros valores, a sumarse al ideal de la fraternidad universal\u201d.<\/em>  <strong>El concierto que presentaron es nuevo: \u201cDimensi\u00f3n indeleble\u201d. \u00bfDe qu\u00e9 se trata y que querr\u00edan transmitir a los espectadores?<\/strong> <em>\u00abComo siempre, el Gen Rosso trata de donar su identidad mediante los conciertos. \u201cDimensi\u00f3n indeleble\u201d tiene algo m\u00e1s: quiere transmitir los mil signos que han quedado en nuestra alma al entrar en contacto con tant\u00edsimos j\u00f3venes de todo el mundo. Muchos de ellos han entrado a formar parte de nuestra vida y nosotros en la de ellos. Esta \u201cdimensi\u00f3n\u201d tambi\u00e9n llega al coraz\u00f3n del espectador\u00bb. <\/em>  Un peri\u00f3dico catal\u00e1n, el d\u00eda despu\u00e9s del concierto del 13, subray\u00f3 la internacionalidad del grupo, vivida en la fraternidad, como el elemento m\u00e1s necesario en estos tiempos para construir una sociedad cohesionada. <em> \u201cNos dejaron el coraz\u00f3n lleno de gratitud a Dios<\/em> \u2013concluyen los \u2018genrossinos\u2019- <em>por habernos donado este primer momento tan bello con los j\u00f3venes de Barcelona. \u00a1Hemos encontrado una Iglesia joven y viva! Ahora nos espera Madrid\u201d. <\/em><\/p>\n","protected":false},"excerpt":{"rendered":"<p>M\u00e1s de 30.000 j\u00f3venes, provenientes de todo el mundo, abarrotaron a enorme explanada del Foro de Barcelona, frente al mar, la noche del 13 de agosto de 2011.<\/p>\n","protected":false},"author":34,"featured_media":0,"comment_status":"open","ping_status":"open","sticky":false,"template":"","format":"standard","meta":{"give_campaign_id":0,"_seopress_robots_primary_cat":"","_seopress_titles_title":"","_seopress_titles_desc":"","_seopress_robots_index":"","_et_pb_use_builder":"","_et_pb_old_content":"","_et_gb_content_width":"","footnotes":""},"categories":[904],"tags":[],"class_list":["post-295528","post","type-post","status-publish","format-standard","hentry","category-focolare-worldwide-2-2"],"_links":{"self":[{"href":"https:\/\/www.focolare.org\/es\/wp-json\/wp\/v2\/posts\/295528","targetHints":{"allow":["GET"]}}],"collection":[{"href":"https:\/\/www.focolare.org\/es\/wp-json\/wp\/v2\/posts"}],"about":[{"href":"https:\/\/www.focolare.org\/es\/wp-json\/wp\/v2\/types\/post"}],"author":[{"embeddable":true,"href":"https:\/\/www.focolare.org\/es\/wp-json\/wp\/v2\/users\/34"}],"replies":[{"embeddable":true,"href":"https:\/\/www.focolare.org\/es\/wp-json\/wp\/v2\/comments?post=295528"}],"version-history":[{"count":0,"href":"https:\/\/www.focolare.org\/es\/wp-json\/wp\/v2\/posts\/295528\/revisions"}],"wp:attachment":[{"href":"https:\/\/www.focolare.org\/es\/wp-json\/wp\/v2\/media?parent=295528"}],"wp:term":[{"taxonomy":"category","embeddable":true,"href":"https:\/\/www.focolare.org\/es\/wp-json\/wp\/v2\/categories?post=295528"},{"taxonomy":"post_tag","embeddable":true,"href":"https:\/\/www.focolare.org\/es\/wp-json\/wp\/v2\/tags?post=295528"}],"curies":[{"name":"wp","href":"https:\/\/api.w.org\/{rel}","templated":true}]}}