{"id":295650,"date":"2011-09-24T08:02:22","date_gmt":"2011-09-24T06:02:22","guid":{"rendered":"https:\/\/www.focolare.org\/jovenes-por-un-mundo-unido-en-sassari-un-verano-de-trabajo\/"},"modified":"2024-05-13T20:53:11","modified_gmt":"2024-05-13T18:53:11","slug":"jovenes-por-un-mundo-unido-en-sassari-un-verano-de-trabajo","status":"publish","type":"post","link":"https:\/\/www.focolare.org\/es\/jovenes-por-un-mundo-unido-en-sassari-un-verano-de-trabajo\/","title":{"rendered":"J\u00f3venes por un mundo unido: en Sassari un verano de trabajo"},"content":{"rendered":"<p><img alt=\"\" alt=\"\" loading=\"lazy\" decoding=\"async\" class=\"alignleft size-full wp-image-45761\" style=\"margin-right: 10px;border: 0pt none\" src=\"https:\/\/www.focolare.org\/wp-content\/uploads\/2011\/09\/20110924-02.jpg\" alt=\"\" width=\"235\" height=\"314\" \/><strong>Campus con ancianos <\/strong>(29 de julio\/7 de agosto). Nos un\u00eda un objetivo sencillo, pero preciso: amar. Con este deseo en el coraz\u00f3n pusimos, juntos, manos a la obra.  En medio del t\u00f3rrido calor veraniego, fue un duro trabajo de servicio: limpiar las habitaciones de los ancianos, servir la comida, animar veladas para ellos&#8230; pero el amor circulaba, se sent\u00eda en la atm\u00f3sfera. Hab\u00eda una atenci\u00f3n especial a la hora de hacer las cosas, juntos, para no dejar a nadie de lado, con la disponibilidad de perder la propia idea cuando el conjunto consideraba que no era apropiada. Todo se hizo bajo el signo de la sonrisa&#8230; y esto hizo extraordinaria cada cosa.  Los ancianos confiaban en nosotros y nos animaban. Si la flor de papel mach\u00e9 que embellec\u00eda la sala no era tan perfecta, o el cartel del bingo hecho a \u00faltimo momento no estaba tan bien terminado, sab\u00edan siempre disimular.  Por nuestra parte, nos escribe Salim, de Kenia: \u201cEstoy contento de haber estado en el campus, me sent\u00ed como en casa porque este tipo de actividad me despert\u00f3 el deseo de ser feliz. \u00a1No hay tristeza cuando amamos as\u00ed!\u201d.  <strong>C\u00e1ritas <\/strong>(1\/14 DE agosto). Para permitirles a los voluntarios de la asociaci\u00f3n tener unos d\u00edas de vacaciones, nos propusimos encargarnos nosotros de las m\u00faltiples actividades que se desarrollan en nuestro territorio en el per\u00edodo de verano,.  Esta vez el trabajo consist\u00eda en la preparaci\u00f3n de los men\u00fa, el empaque de los almuerzos y finalmente en nuestro donarnos a los tantos marginados de nuestra ciudad, descubriendo su mundo.  Para nosotros fue sorprendente descubrir c\u00f3mo, d\u00eda tras d\u00eda, no hubo un s\u00f3lo momento en el que se apagara la sonrisa de nuestro rostro a pesar de los problemas que no faltaron.\u00a0 Un regalo m\u00e1s, adem\u00e1s de las comidas que se distribu\u00edan, a muchos que ven\u00edan cotidianamente.  <a href=\"https:\/\/www.focolare.org\/wp-content\/uploads\/2011\/09\/20110924-01.jpg\"><img alt=\"\" alt=\"\" loading=\"lazy\" decoding=\"async\" class=\"size-large wp-image-45760 alignright\" style=\"margin-left: 10px;border: 0pt none\" src=\"https:\/\/www.focolare.org\/wp-content\/uploads\/2011\/09\/20110924-01-210x140.jpg\" alt=\"\" width=\"210\" height=\"140\" \/><\/a>A su regreso los voluntarios nos felicitaron por el trabajo desarrollado y nosotros constatamos c\u00f3mo las ideas divergentes se armonizan, si se vive la regla de oro y mantenemos la sonrisa en los labios.  Ahora, despu\u00e9s de este verano tan activo y aventuroso, todav\u00eda m\u00e1s recargados, estamos listos para empezar el nuevo a\u00f1o. Juntos, queremos hacer ver la belleza de esta nueva corriente de vida y corremos decididos hacia la gran cita del pr\u00f3ximo septiembre: el Genfest 2012.  A cargo de los <strong><a href=\"https:\/\/www.focolare.org\/es\/movimento-dei-focolari\/un-popolo\/giovani-per-un-mondo-unito\/\">J\u00f3venes por un Mundo Unido<\/a> <\/strong>de <strong>Sassari.<\/strong><\/p>\n","protected":false},"excerpt":{"rendered":"<p>At a home for the elderly and working at Caritas. The commitment to build a united world in Sassari wasn\u2019t left hanging.<\/p>\n","protected":false},"author":27,"featured_media":0,"comment_status":"open","ping_status":"open","sticky":false,"template":"","format":"standard","meta":{"give_campaign_id":0,"_seopress_robots_primary_cat":"","_seopress_titles_title":"","_seopress_titles_desc":"","_seopress_robots_index":"","_et_pb_use_builder":"","_et_pb_old_content":"","_et_gb_content_width":"","footnotes":""},"categories":[46],"tags":[],"class_list":["post-295650","post","type-post","status-publish","format-standard","hentry","category-sin-categorizar"],"_links":{"self":[{"href":"https:\/\/www.focolare.org\/es\/wp-json\/wp\/v2\/posts\/295650","targetHints":{"allow":["GET"]}}],"collection":[{"href":"https:\/\/www.focolare.org\/es\/wp-json\/wp\/v2\/posts"}],"about":[{"href":"https:\/\/www.focolare.org\/es\/wp-json\/wp\/v2\/types\/post"}],"author":[{"embeddable":true,"href":"https:\/\/www.focolare.org\/es\/wp-json\/wp\/v2\/users\/27"}],"replies":[{"embeddable":true,"href":"https:\/\/www.focolare.org\/es\/wp-json\/wp\/v2\/comments?post=295650"}],"version-history":[{"count":0,"href":"https:\/\/www.focolare.org\/es\/wp-json\/wp\/v2\/posts\/295650\/revisions"}],"wp:attachment":[{"href":"https:\/\/www.focolare.org\/es\/wp-json\/wp\/v2\/media?parent=295650"}],"wp:term":[{"taxonomy":"category","embeddable":true,"href":"https:\/\/www.focolare.org\/es\/wp-json\/wp\/v2\/categories?post=295650"},{"taxonomy":"post_tag","embeddable":true,"href":"https:\/\/www.focolare.org\/es\/wp-json\/wp\/v2\/tags?post=295650"}],"curies":[{"name":"wp","href":"https:\/\/api.w.org\/{rel}","templated":true}]}}