{"id":295670,"date":"2011-10-07T06:32:30","date_gmt":"2011-10-07T04:32:30","guid":{"rendered":"https:\/\/www.focolare.org\/itonline-il-sito-del-genfest-2012enthe-genfest-2012-website-is-onlinedegenfest-2012-onlineptonline-o-site-do-genfest-de-2012zh2012%e5%b9%b4%e6%96%b0%e9%9d%92%e7%af%80%e7%9a%84\/"},"modified":"2024-05-13T20:53:14","modified_gmt":"2024-05-13T18:53:14","slug":"itonline-il-sito-del-genfest-2012enthe-genfest-2012-website-is-onlinedegenfest-2012-onlineptonline-o-site-do-genfest-de-2012zh2012%e5%b9%b4%e6%96%b0%e9%9d%92%e7%af%80%e7%9a%84","status":"publish","type":"post","link":"https:\/\/www.focolare.org\/es\/itonline-il-sito-del-genfest-2012enthe-genfest-2012-website-is-onlinedegenfest-2012-onlineptonline-o-site-do-genfest-de-2012zh2012%e5%b9%b4%e6%96%b0%e9%9d%92%e7%af%80%e7%9a%84\/","title":{"rendered":"[:it]Online il sito del Genfest 2012[:en]The Genfest 2012 website is online![:de]Genfest 2012 online![:pt]Online o site do Genfest de 2012[:zh]2012\u5e74\u65b0\u9752\u7bc0\u7684\u7db2\u7ad9\u5df2\u4e0a\u7dda"},"content":{"rendered":"<p><a href=\"http:\/\/www.genfest.org\/\"><img alt=\"\" alt=\"\" loading=\"lazy\" decoding=\"async\" class=\"alignleft size-full wp-image-46760\" src=\"https:\/\/www.focolare.org\/wp-content\/uploads\/2011\/10\/20111007-01.jpg\" alt=\"\" width=\"457\" height=\"338\" \/><\/a><\/p>\n","protected":false},"excerpt":{"rendered":"<p>\u201cLet\u2019s bridge\u201d: el evento que reunir\u00e1 a miles de j\u00f3venes en Budapest -desde el 31 de agosto al 2 de septiembre- ya tiene su p\u00e1gina web en construcci\u00f3n. Aqu\u00ed puedes verla: <a href=\"http:\/\/www.genfest.org\"><strong>www.genfest.org<\/strong><\/a><\/p>\n","protected":false},"author":33,"featured_media":0,"comment_status":"open","ping_status":"open","sticky":false,"template":"","format":"standard","meta":{"give_campaign_id":0,"_seopress_robots_primary_cat":"","_seopress_titles_title":"","_seopress_titles_desc":"","_seopress_robots_index":"","_et_pb_use_builder":"","_et_pb_old_content":"","_et_gb_content_width":"","footnotes":""},"categories":[46],"tags":[],"class_list":["post-295670","post","type-post","status-publish","format-standard","hentry","category-sin-categorizar"],"_links":{"self":[{"href":"https:\/\/www.focolare.org\/es\/wp-json\/wp\/v2\/posts\/295670","targetHints":{"allow":["GET"]}}],"collection":[{"href":"https:\/\/www.focolare.org\/es\/wp-json\/wp\/v2\/posts"}],"about":[{"href":"https:\/\/www.focolare.org\/es\/wp-json\/wp\/v2\/types\/post"}],"author":[{"embeddable":true,"href":"https:\/\/www.focolare.org\/es\/wp-json\/wp\/v2\/users\/33"}],"replies":[{"embeddable":true,"href":"https:\/\/www.focolare.org\/es\/wp-json\/wp\/v2\/comments?post=295670"}],"version-history":[{"count":0,"href":"https:\/\/www.focolare.org\/es\/wp-json\/wp\/v2\/posts\/295670\/revisions"}],"wp:attachment":[{"href":"https:\/\/www.focolare.org\/es\/wp-json\/wp\/v2\/media?parent=295670"}],"wp:term":[{"taxonomy":"category","embeddable":true,"href":"https:\/\/www.focolare.org\/es\/wp-json\/wp\/v2\/categories?post=295670"},{"taxonomy":"post_tag","embeddable":true,"href":"https:\/\/www.focolare.org\/es\/wp-json\/wp\/v2\/tags?post=295670"}],"curies":[{"name":"wp","href":"https:\/\/api.w.org\/{rel}","templated":true}]}}