{"id":295730,"date":"2011-11-07T09:52:31","date_gmt":"2011-11-07T08:52:31","guid":{"rendered":"https:\/\/www.focolare.org\/feliz-cumpleanos-holanda\/"},"modified":"2024-05-13T20:53:32","modified_gmt":"2024-05-13T18:53:32","slug":"feliz-cumpleanos-holanda","status":"publish","type":"post","link":"https:\/\/www.focolare.org\/es\/feliz-cumpleanos-holanda\/","title":{"rendered":"\u00a1Feliz cumplea\u00f1os, Holanda!"},"content":{"rendered":"<p><img alt=\"\" alt=\"\" loading=\"lazy\" decoding=\"async\" class=\"alignleft size-full wp-image-48645\" style=\"margin-right: 10px;border: 0pt none\" src=\"https:\/\/www.focolare.org\/wp-content\/uploads\/2011\/11\/20111107-01.jpg\" alt=\"\" width=\"368\" height=\"226\" \/>La sala prefabricada, preparada en un campo de la Ciudadela Marienkroon, est\u00e1 llena. Lo que se ve es destacable: 800 hombres y mujeres, j\u00f3venes y ancianos, daneses y holandeses, finlandeses e islandeses, suecos y noruegos, que llegaron aqu\u00ed, incluso desde muy lejos, para celebrar, junto con Mar\u00eda Voce y Giancarlo Faletti, el aniversario de la llegada del Movimiento en Holanda.<\/p>\n<p><strong>La pregunta surge espont<\/strong><strong>\u00e1nea<\/strong><strong>: \u00bfpor qu\u00e9 siempre funciona?<\/strong> \u00bfQu\u00e9 hay debajo de esa alegr\u00eda palpable que convierte en hermanos a personas de edades, razas y convicciones tan diferentes? Las canciones de las chicas en el escenario son en holand\u00e9s, pero envuelven tambi\u00e9n a las personas que no hablan ese idioma, porque m\u00e1s que las palabras son importantes las sonrisas. <strong>Tal vez el secreto es que se parte de la vida, del amor concreto <\/strong>y s\u00f3lo despu\u00e9s de haberse hecho amigos se llega al intercambio cultural. O tal vez depende del hecho de que Chiara Lubich ense\u00f1\u00f3 a no pararse delante de los problemas e incomprensiones, sino a ir adelante, volviendo a empezar siempre, mir\u00e1ndose cada ma\u00f1ana como personas nuevas.<\/p>\n<p>Tres trompetas, un viol\u00edn, dos flautas, una bater\u00eda y un piano componen la orquesta. <strong>Se recorren las etapas principales de una aventura que contin\u00faa: la llegada de los focolarinos en Holanda en 1961, el Genfest con 4.000 j\u00f3venes en 1976, la visita de Chiara Lubich en 1982, <\/strong>la apertura de los focolares en Copenhague, Estocolmo y Oslo en los a\u00f1os ochenta, las primeras visitas a Islandia en 1989 y la familia focolar de Polonia que lleg\u00f3 en el \u00a02010, la inauguraci\u00f3n del nuevo Centro Mari\u00e1polis en la ciudadela.<\/p>\n<p><strong>Cada pa\u00eds se presenta con creatividad y fantas\u00eda. Suecia<\/strong>, donde el ecumenismo se vive con normalidad, porque en todas las reuniones hay personas de diferentes iglesias; <strong>Noruega<\/strong>, con un emotivo momento de silencio recordando la tragedia del 22 de julio pasado; <strong>Finlandia<\/strong>, amplios espacios y un popurr\u00ed de canciones; <strong>Islandia <\/strong>multi\u00e9tnica y, finalmente, <strong>Holanda<\/strong>, el pa\u00eds anfitri\u00f3n, con su comunidad viva. Momentos de gran unidad, como la celebraci\u00f3n ecum\u00e9nica con el Padre nuestro recitado en siete idiomas simult\u00e1neamente.<\/p>\n<p><strong>El obispo Jan van Burgsteden<\/strong>, \u00a0responsable de la Conferencia Episcopal para el Ecumenismo, <strong>testimonia que <\/strong><strong>\u00ab<\/strong><strong><em>desde hace 50 a\u00f1os, el Movimiento en Holanda ayuda a las personas a vivir las palabras del Evangelio<\/em><\/strong><em>. Y de aqu\u00ed ha surgido, incluso en una era de secularizaci\u00f3n, un nuevo compromiso en la Iglesia, que la ha ayudado a superar la polarizaci\u00f3n [opiniones antag\u00f3nicas dentro de un mismo campo]. He visto tambi\u00e9n, c\u00f3mo el Movimiento ha logrado crear un \u00abecumenismo del coraz\u00f3n.\u00bb Estoy convencido de que un d\u00eda veremos a la Iglesia brillar como una estrella matutina, porque en todas sus realidades la  Palabra se ha hecho vida.<\/em><em>\u00bb<\/em><em><\/em><\/p>\n<p><strong>Mar\u00eda Voce responde a varias preguntas<\/strong>. Una como ejemplo: \u00bfQu\u00e9 es lo que recuerdas en especial del 2011? \u00a0<strong><em>\u00abEn Tierra Santa, cuando estaba en el Santo Sepulcro<\/em><\/strong><em> me sent\u00eda aplastada por el mal del mundo, que hab\u00eda aplastado tambi\u00e9n a Jes\u00fas. M\u00e1s tarde, sin embargo, <strong>delante de la tumba vac\u00eda, la certeza s\u00fabita de que Jes\u00fas ha resucitado, de que podemos tenerlo vivo entre nosotros en el mundo<\/strong> y que tenemos la suerte de poder hacerlo. En otro viaje, en Am\u00e9rica: entre aquellos espacios inmensos y mucha gente por todas partes, pens\u00e9 que los focolarinos eran pocos. \u00bfQu\u00e9 pueden hacer ellos solos? Los que vinieron a la celebraci\u00f3n habr\u00e1n sido 2.000 personas, una gota en el mar. Sin embargo, dentro de m\u00ed la certeza: No nos pongamos la preocupaci\u00f3n por los n\u00fameros, no son importantes, lo que cuenta es que Jes\u00fas entre nosotros crezca, el resto llegar\u00e1.\u201d<\/em><\/p>\n<p><em>\u00abUn d\u00eda rico de momentos oficiales \u2013 concluye Giancarlo Faletti \u2013 pero sobre todo<strong> un d\u00eda de familia, que da mucha esperanza.<\/strong> Me llevo en el coraz\u00f3n vuestra presencia multi\u00e9tnica y multicultural, este florecimiento de vida. Cada flor necesita el amor, la tenacidad y la laboriosidad, que son vuestras caracter\u00edsticas. <\/em><em>La flor, en el fondo, \u00a0es el s\u00edmbolo de Holanda\u00bb.<br \/> <\/em><br \/> <em><strong><\/strong><\/em><\/p>\n<p><em><strong>Por Giulio Meazzini<\/strong><\/em><\/p>\n","protected":false},"excerpt":{"rendered":"<p>La celebraci\u00f3n del 50\u00b0 de los Focolares en Holanda.<\/p>\n","protected":false},"author":34,"featured_media":0,"comment_status":"open","ping_status":"open","sticky":false,"template":"","format":"standard","meta":{"give_campaign_id":0,"_seopress_robots_primary_cat":"","_seopress_titles_title":"","_seopress_titles_desc":"","_seopress_robots_index":"","_et_pb_use_builder":"","_et_pb_old_content":"","_et_gb_content_width":"","footnotes":""},"categories":[904],"tags":[],"class_list":["post-295730","post","type-post","status-publish","format-standard","hentry","category-focolare-worldwide-2-2"],"_links":{"self":[{"href":"https:\/\/www.focolare.org\/es\/wp-json\/wp\/v2\/posts\/295730","targetHints":{"allow":["GET"]}}],"collection":[{"href":"https:\/\/www.focolare.org\/es\/wp-json\/wp\/v2\/posts"}],"about":[{"href":"https:\/\/www.focolare.org\/es\/wp-json\/wp\/v2\/types\/post"}],"author":[{"embeddable":true,"href":"https:\/\/www.focolare.org\/es\/wp-json\/wp\/v2\/users\/34"}],"replies":[{"embeddable":true,"href":"https:\/\/www.focolare.org\/es\/wp-json\/wp\/v2\/comments?post=295730"}],"version-history":[{"count":0,"href":"https:\/\/www.focolare.org\/es\/wp-json\/wp\/v2\/posts\/295730\/revisions"}],"wp:attachment":[{"href":"https:\/\/www.focolare.org\/es\/wp-json\/wp\/v2\/media?parent=295730"}],"wp:term":[{"taxonomy":"category","embeddable":true,"href":"https:\/\/www.focolare.org\/es\/wp-json\/wp\/v2\/categories?post=295730"},{"taxonomy":"post_tag","embeddable":true,"href":"https:\/\/www.focolare.org\/es\/wp-json\/wp\/v2\/tags?post=295730"}],"curies":[{"name":"wp","href":"https:\/\/api.w.org\/{rel}","templated":true}]}}