{"id":295732,"date":"2011-11-08T05:00:43","date_gmt":"2011-11-08T04:00:43","guid":{"rendered":"https:\/\/www.focolare.org\/reportage\/"},"modified":"2024-05-13T20:53:32","modified_gmt":"2024-05-13T18:53:32","slug":"reportage","status":"publish","type":"post","link":"https:\/\/www.focolare.org\/es\/reportage\/","title":{"rendered":"Reportage"},"content":{"rendered":"<table border=\"0\" align=\"center\">\n<tbody>\n<tr>\n<td><a href=\"..\/it\/news\/2011\/11\/07\/essere-fuoco-la-giornata-dei-giovani-olandesi\/\"><img loading=\"lazy\" decoding=\"async\" src=\"https:\/\/www.focolare.org\/wp-content\/uploads\/2011\/11\/20111108-02-210x128.jpg\" alt=\"\" width=\"210\" height=\"128\" \/><\/a><\/td>\n<td><\/td>\n<\/tr>\n<tr>\n<td><img loading=\"lazy\" decoding=\"async\" src=\"https:\/\/www.focolare.org\/wp-content\/uploads\/2011\/11\/20111107-06-210x128.jpg\" alt=\"\" width=\"210\" height=\"128\" \/><\/td>\n<td>\n<div><a href=\"https:\/\/www.focolare.org\/es\/news\/2011\/11\/07\/buon-compleanno-olanda\/\"><strong>\u00a1Feliz cumplea\u00f1os, Holanda!<\/strong><\/a><\/div>\n<div><\/div>\n<div>7 noviembre 2011<\/div>\n<div>La celebraci\u00f3n del 50\u00b0 de los Focolares en Holanda.<\/div>\n<\/td>\n<\/tr>\n<tr>\n<td><img loading=\"lazy\" decoding=\"async\" src=\"https:\/\/www.focolare.org\/wp-content\/uploads\/2011\/11\/20111106-14a.jpg\" alt=\"\" width=\"210\" height=\"128\" \/><\/td>\n<td><a href=\"https:\/\/www.focolare.org\/es\/news\/2011\/11\/06\/olanda-con-le-comunita-dell%e2%80%99europa-del-nord\/\"><strong>Holanda: con las comunidades del norte de Europa<\/strong><\/a>  <a title=\"Permalink to Na Holanda com as comunidades do norte da Europa\" rel=\"bookmark\" href=\"https:\/\/www.focolare.org\/en\/news\/2011\/11\/06\/olanda-con-le-comunita-dell%e2%80%99europa-del-nord\/\"> <\/a> <\/p>\n<div>6 noviembre 2011<\/div>\n<div>La Presidente de los  Focolares se re\u00fane con las comunidades del Movimiento de Noruega,  Suecia, Finlandia, Dinamarca, Islandia y Holanda. Di\u00e1logo con algunos  obispos cat\u00f3licos. Encuentro cara a cara con los j\u00f3venes.<\/div>\n<\/td>\n<\/tr>\n<tr>\n<td><a href=\"..\/de\/news\/2011\/11\/04\/una-cittadella-per-l%e2%80%99olanda\/\"><img loading=\"lazy\" decoding=\"async\" src=\"https:\/\/www.focolare.org\/wp-content\/uploads\/2011\/11\/20111104-a.jpg\" alt=\"\" width=\"210\" height=\"128\" \/><\/a><\/td>\n<td>\n<div><strong><a href=\"..\/es\/news\/2011\/11\/04\/una-cittadella-per-l%e2%80%99olanda\/\">Una ciudadela para Holanda<\/a><\/strong><\/div>\n<div>4 noviembre 2011<\/div>\n<div>Los responsables del  Movimiento de los Focolares de visita a las  comunidades de Holanda. Se  empieza por Marienkroon, antiguo centro de  espiritualidad cistercense,  actualmente ciudadela de los Focolares.<\/div>\n<\/td>\n<\/tr>\n<tr>\n<td><\/td>\n<td><\/td>\n<\/tr>\n<tr>\n<td><\/td>\n<td><\/td>\n<\/tr>\n<tr>\n<td><\/td>\n<td><\/td>\n<\/tr>\n<tr>\n<td><\/td>\n<td><\/td>\n<\/tr>\n<\/tbody>\n<\/table>\n","protected":false},"excerpt":{"rendered":"<p>Desde el 3 al 8 de noviembre, la presidente Mar\u00eda Voce y el co-presidente Giancarlo Faletti se encuentran en Holanda. La comunidad de los Focolares celebra el 50\u00b0 aniversario del inicio del Movimientos en aquellas tierras, junto a miembros del Movimiento de Dinamarca, Noruega, Suecia, Finlandia e Islanda. Desde esta p\u00e1gina se pueden seguir todos los eventos de estos d\u00edas, a trav\u00e9s del enviado de la Revista \u00abCitt\u00e0 Nuova\u00bb, Giulio Meazzini.<\/p>\n","protected":false},"author":33,"featured_media":0,"comment_status":"open","ping_status":"open","sticky":false,"template":"","format":"standard","meta":{"give_campaign_id":0,"_seopress_robots_primary_cat":"","_seopress_titles_title":"","_seopress_titles_desc":"","_seopress_robots_index":"","_et_pb_use_builder":"","_et_pb_old_content":"","_et_gb_content_width":"","footnotes":""},"categories":[46],"tags":[],"class_list":["post-295732","post","type-post","status-publish","format-standard","hentry","category-sin-categorizar"],"_links":{"self":[{"href":"https:\/\/www.focolare.org\/es\/wp-json\/wp\/v2\/posts\/295732","targetHints":{"allow":["GET"]}}],"collection":[{"href":"https:\/\/www.focolare.org\/es\/wp-json\/wp\/v2\/posts"}],"about":[{"href":"https:\/\/www.focolare.org\/es\/wp-json\/wp\/v2\/types\/post"}],"author":[{"embeddable":true,"href":"https:\/\/www.focolare.org\/es\/wp-json\/wp\/v2\/users\/33"}],"replies":[{"embeddable":true,"href":"https:\/\/www.focolare.org\/es\/wp-json\/wp\/v2\/comments?post=295732"}],"version-history":[{"count":0,"href":"https:\/\/www.focolare.org\/es\/wp-json\/wp\/v2\/posts\/295732\/revisions"}],"wp:attachment":[{"href":"https:\/\/www.focolare.org\/es\/wp-json\/wp\/v2\/media?parent=295732"}],"wp:term":[{"taxonomy":"category","embeddable":true,"href":"https:\/\/www.focolare.org\/es\/wp-json\/wp\/v2\/categories?post=295732"},{"taxonomy":"post_tag","embeddable":true,"href":"https:\/\/www.focolare.org\/es\/wp-json\/wp\/v2\/tags?post=295732"}],"curies":[{"name":"wp","href":"https:\/\/api.w.org\/{rel}","templated":true}]}}