{"id":308948,"date":"2017-09-21T00:10:08","date_gmt":"2017-09-20T22:10:08","guid":{"rendered":"https:\/\/www.focolare.org\/albania-saco-la-cara-por-la-paz\/"},"modified":"2024-05-15T20:45:11","modified_gmt":"2024-05-15T18:45:11","slug":"albania-saco-la-cara-por-la-paz","status":"publish","type":"post","link":"https:\/\/www.focolare.org\/es\/albania-saco-la-cara-por-la-paz\/","title":{"rendered":"Albania: saco la cara por la paz"},"content":{"rendered":"<p><a href=\"https:\/\/www.focolare.org\/wp-content\/uploads\/2017\/09\/20170921-02.jpg\" rel=\"attachment wp-att-156094\"><img loading=\"lazy\" decoding=\"async\" class=\"wp-image-156094 alignleft\" src=\"https:\/\/www.focolare.org\/wp-content\/uploads\/2017\/09\/20170921-02.jpg\" alt=\"20170921-02\" width=\"368\" height=\"277\" \/><\/a>\u00ab<strong>Domingo 20 de agosto de 2017, a las 5.00 horas.<\/strong> Desde lejos escucho el llamado del muec\u00edn a la oraci\u00f3n. El term\u00f3metro ya marca los 30\u00ba. Me encuentro en una min\u00fascula casita de madera en la peque\u00f1a Aldea de la paz en Esc\u00fatari, <a href=\"https:\/\/www.focolare.org\/es\/focolare-worldwide\/europa\/albania\/\">Albania<\/a>. La Iglesia Cat\u00f3lica la construy\u00f3 a finales de 1999, durante la segunda guerra balc\u00e1nica, para los refugiados. Ahora acoge nuestra escuela <em>go4peace<\/em>\u00bb. <strong>As\u00ed empieza el relato-diario de Meinolf Wacker<\/strong>, un joven sacerdote alem\u00e1n, quien, juntos con otros <a href=\"https:\/\/www.focolare.org\/es\/movimento-dei-focolari\/scelte-e-impegno\/sacerdoti\/\">sacerdotes <\/a>del<a href=\"https:\/\/www.focolare.org\/es\/chi-siamo\/\"> Movimiento de los Focolares,<\/a> desde hace m\u00e1s de 20 a\u00f1os, trabaja en los Balcanes \u2013 tierra asolada por guerras y fragmentaciones \u2013 para organizar \u201c<em>escuelas de paz<\/em>\u201d para centenares de j\u00f3venes.  <strong>El primer pensamiento<\/strong> de la ma\u00f1ana se dirige a la velada que se concluy\u00f3 unas horas antes y al gran concierto ofrecido por los j\u00f3venes en la plaza de la catedral de Esc\u00fatari.<strong> En la conclusi\u00f3n Mark<\/strong>, que proviene de <a href=\"https:\/\/www.focolare.org\/es\/focolare-worldwide\/europa\/irlanda\/\">Irlanda<\/a>, se hizo portavoz de su llamado: \u201cEstamos aqu\u00ed del Norte y el Sur, de Occidente y del Este de Europa. La paz es una meta para alcanzar, tenemos que ver en el otro a un hermano o una hermana. Si nos amamos, entonces el fruto ser\u00e1 la paz. Se requiere pasi\u00f3n, paciencia y tenacidad. Queremos llegar a ser una generaci\u00f3n rica de pasi\u00f3n por la paz\u201d.  <strong><a href=\"https:\/\/www.focolare.org\/wp-content\/uploads\/2017\/09\/20170921-01.jpg\" rel=\"attachment wp-att-156095\"><img loading=\"lazy\" decoding=\"async\" class=\"alignright wp-image-156095\" src=\"https:\/\/www.focolare.org\/wp-content\/uploads\/2017\/09\/20170921-01.jpg\" alt=\"20170921-01\" width=\"368\" height=\"276\" \/><\/a>Los miembros de la banda que se exhibi\u00f3 la noche anterior y que proced\u00edan de Albania<\/strong>, <a href=\"https:\/\/www.focolare.org\/es\/focolare-worldwide\/africa\/camerun\/\">Camer\u00fan<\/a>, <a href=\"https:\/\/www.focolare.org\/es\/focolare-worldwide\/europa\/slovenia\/\">Eslovenia<\/a>, <a href=\"https:\/\/www.focolare.org\/es\/focolare-worldwide\/europa\/spagna\/\">Espa\u00f1a <\/a>y <a href=\"https:\/\/www.focolare.org\/es\/focolare-worldwide\/europa\/germania\/\">Alemania<\/a>, llegaron despu\u00e9s de haber superado un sinn\u00famero de peripecias. Los alemanes, por ejemplo, una vez que llegaron a Sarajevo, atravesaron las regiones monta\u00f1osas de Montenegro en un microb\u00fas alquilado, haciendo casi 40 horas de viaje. Al llegar, no tuvieron ni el tiempo de tomar aliento que en seguida se repartieron en peque\u00f1os grupos para conocerse. <strong>Cada d\u00eda<strong> ten\u00edan una frase para vivir<\/strong><\/strong>. \u201c\u00a1<em>No dejes de dar!<\/em>\u201d, por ejemplo. Pero tambi\u00e9n una mirada a la naturaleza pod\u00eda inspirar un nuevo lema, como el hecho de ver una vaca acostada en el prado que se toma todo su tiempo para rumear. En un mundo lleno de frenes\u00ed es necesario detenerse de vez en cuando y \u201crumear\u201d interiormente lo que Dios nos ha sugerido.  \u00abAl inicio de la escuela \u2013 <strong>escribe Meinolf<\/strong> \u2013 nos detuvimos en el famoso Puente del Medio, en la ciudad de Mes. Unidos, tomados de la mano, todos los participantes, musulmanes, evang\u00e9licos, cat\u00f3licos o de otras visiones del mundo, nos confiamos al misterio de Dios, en silencio. <strong>Durante la semana<\/strong> se llevaron a cabo 31 talleres que les dieron a los j\u00f3venes la oportunidad de entrar en contacto con la gente del lugar. Cada d\u00eda, m\u00e1s de cien ni\u00f1os nos esperaban en Fermentim, en la periferia de Esc\u00fatari, donde trabaja de manera estable una comunidad de religiosas\u00bb. Ah\u00ed los muchachos produjeron llaveros y trabajaron para pintar y pavimentar el preescolar y la casa de una familia.  <strong>\u00abOtras etapas fueron el Museo de la Catedral de San Esteban, en Esc\u00fatari,<\/strong> donde se recuerdan los 38 m\u00e1rtires asesinados por el r\u00e9gimen comunista de 1945 a 1974, el Museo de la memoria con los horrores cometidos en esos a\u00f1os, y la visita a una mezquita. En un taller interreligioso se habl\u00f3 de las relaciones entre las religiones en los Balcanes. Adem\u00e1s plantamos unos \u00e1rboles, pintamos algunas casitas del pueblo y nos encontramos con los ni\u00f1os que est\u00e1n confiados a las religiosas de Madre Teresa. La jornada terminaba siempre con una alegre cena en el pueblo\u00bb.  <a href=\"https:\/\/www.focolare.org\/wp-content\/uploads\/2017\/09\/Albania.jpg\" rel=\"attachment wp-att-156087\"><img loading=\"lazy\" decoding=\"async\" class=\"alignleft wp-image-156087\" src=\"https:\/\/www.focolare.org\/wp-content\/uploads\/2017\/09\/Albania.jpg\" alt=\"Albania\" width=\"368\" height=\"276\" \/><\/a><strong>\u00abJunto con Christoph y Tobias de la agencia<\/strong> <a href=\"https:\/\/18frames.com\/\">18frames Film+Media Produktion<\/a> de Hamburgo hab\u00edamos ideado la campa\u00f1a \u201cYourope\u201d con la intenci\u00f3n de involucrar a los j\u00f3venes europeos para que \u201cden la cara\u201d a fin de mostrar una Europa sin barreras. Un videoclip realizado durante el campamento, con nuestros rostros, delante de un fondo negro, terminaba con la invitaci\u00f3n a compartir entre nosotros otros breves videos con la misma frase inicial: I show my face&#8230; Armela tom\u00f3 un peque\u00f1o autom\u00f3vil de mi auto \u2013 una alce \u2013 se lo puso en los hombros y se grab\u00f3: I show my face because I am from Albania, studying in Austria, sitting in a French car with a German driver and a young friend from Sweden. (\u201cYo doy mi cara porque soy de Albania, estudio en Austria, estoy en un carro Franc\u00e9s con un chofer Alem\u00e1n y un joven amigo de Suecia\u201d). En pocos d\u00edas m\u00e1s de 50 mil personas hab\u00edan visto el videoclip\u00bb.  <strong>Cuentan dos de los participantes<\/strong>: \u00abCuando, hace un a\u00f1o, supe que la escuela se llevar\u00eda a cabo en Esc\u00fatari, era esc\u00e9ptica. Provengo de Albania y conozco la mentalidad de mi pa\u00eds. Durante la preparaci\u00f3n ayud\u00e9 como pude. Los dos primeros d\u00edas fueron bien. Pero, cuando empezaron los talleres, reinaba una gran confusi\u00f3n. \u201c\u00a1Bienvenidos al caos!\u201d pens\u00e9. Sin embargo despu\u00e9s todo funcion\u00f3 diversamente de c\u00f3mo hab\u00eda imaginado. En ocasi\u00f3n del concierto final ten\u00eda que explicar la campa\u00f1a \u201cYourope\u201d. \u00a1En los ojos del p\u00fablico se ve\u00eda una alegr\u00eda verdadera! \u00a1El amor fue m\u00e1s fuerte que los obst\u00e1culos!\u00bb. \u00abLas misas de la noche no eran ritos vac\u00edos, sino fe vivida, profunda, que me impact\u00f3<strong>.<\/strong> Las explicaciones sobre el sentido del dolor y el encuentro con Jes\u00fas en el sufrimiento me dieron mucho, y todav\u00eda, despu\u00e9s de tanto tiempo, sigo &#8216;<em>rume\u00e1ndolas&#8217;<\/em>\u00bb.  <strong>Mira el <\/strong><a href=\"https:\/\/18frames.com\/\" target=\"_blank\" rel=\"noopener\">Videoclip<\/a><\/p>\n","protected":false},"excerpt":{"rendered":"<p>\u201cBuilding bridges \u2013 go4peace 2017\u201d es el campamento por la paz que se llev\u00f3 a cabo en Esc\u00fatari, Albania, del 10 al 22 de agosto, con j\u00f3venes de 12 naciones distintas. Sus rostros en el videoclip \u201cYourope\u201d.<\/p>\n","protected":false},"author":34,"featured_media":0,"comment_status":"open","ping_status":"open","sticky":false,"template":"","format":"standard","meta":{"give_campaign_id":0,"_seopress_robots_primary_cat":"","_seopress_titles_title":"","_seopress_titles_desc":"","_seopress_robots_index":"","_et_pb_use_builder":"","_et_pb_old_content":"","_et_gb_content_width":"","footnotes":""},"categories":[904],"tags":[],"class_list":["post-308948","post","type-post","status-publish","format-standard","hentry","category-focolare-worldwide-2-2"],"_links":{"self":[{"href":"https:\/\/www.focolare.org\/es\/wp-json\/wp\/v2\/posts\/308948","targetHints":{"allow":["GET"]}}],"collection":[{"href":"https:\/\/www.focolare.org\/es\/wp-json\/wp\/v2\/posts"}],"about":[{"href":"https:\/\/www.focolare.org\/es\/wp-json\/wp\/v2\/types\/post"}],"author":[{"embeddable":true,"href":"https:\/\/www.focolare.org\/es\/wp-json\/wp\/v2\/users\/34"}],"replies":[{"embeddable":true,"href":"https:\/\/www.focolare.org\/es\/wp-json\/wp\/v2\/comments?post=308948"}],"version-history":[{"count":0,"href":"https:\/\/www.focolare.org\/es\/wp-json\/wp\/v2\/posts\/308948\/revisions"}],"wp:attachment":[{"href":"https:\/\/www.focolare.org\/es\/wp-json\/wp\/v2\/media?parent=308948"}],"wp:term":[{"taxonomy":"category","embeddable":true,"href":"https:\/\/www.focolare.org\/es\/wp-json\/wp\/v2\/categories?post=308948"},{"taxonomy":"post_tag","embeddable":true,"href":"https:\/\/www.focolare.org\/es\/wp-json\/wp\/v2\/tags?post=308948"}],"curies":[{"name":"wp","href":"https:\/\/api.w.org\/{rel}","templated":true}]}}