{"id":308954,"date":"2017-09-22T15:06:48","date_gmt":"2017-09-22T13:06:48","guid":{"rendered":"https:\/\/www.focolare.org\/la-mistica-del-fuego-en-catalina-y-chiara\/"},"modified":"2024-05-15T20:45:12","modified_gmt":"2024-05-15T18:45:12","slug":"la-mistica-del-fuego-en-catalina-y-chiara","status":"publish","type":"post","link":"https:\/\/www.focolare.org\/es\/la-mistica-del-fuego-en-catalina-y-chiara\/","title":{"rendered":"\u201cLa M\u00edstica del Fuego en Catalina y Chiara\u201d"},"content":{"rendered":"<p><strong><a href=\"https:\/\/www.focolare.org\/wp-content\/uploads\/2017\/09\/lamisticadelfuoco.jpg\" rel=\"attachment wp-att-156217\"><img loading=\"lazy\" decoding=\"async\" class=\"alignleft wp-image-156217\" src=\"https:\/\/www.focolare.org\/wp-content\/uploads\/2017\/09\/lamisticadelfuoco.jpg\" alt=\"lamisticadelfuoco\" width=\"266\" height=\"372\" \/><\/a>En ocasi\u00f3n del 30\u00b0 aniversario (1987-2017) de la entrega de la \u201cPlaca Cataliniana\u201d a<\/strong> <a href=\"https:\/\/www.focolare.org\/chiara-lubich\/\">Chiara Lubich<\/a>, la Comunidad de los Padres Dominicos de Siena (Italia), en colaboraci\u00f3n con la <a href=\"http:\/\/www.caterinati.org\/associazione_caterinati.htm\" target=\"_blank\" rel=\"noopener\">Asociaci\u00f3n Internacional de Catalinianos<\/a> y el Movimiento de los Focolares, est\u00e1 promoviendo un Congreso (23 y 24 de septiembre en Loppiano, la ciudadela fundada por Chiara Lubich e 1964) con el t\u00edtulo: \u201cLa M\u00edstica del Fuego en Catalina y Chiara\u201d.  Los relatores: Piero Coda rector del Instituto Universitario Sophia y Sor Elena Ascoli O.P de la Asociaci\u00f3n Internacional de Catalinianos.  El moderador: Padre Alfredo Scarciglia O.P. (Prior del convento de Santo Domingo en Siena y asistente eclesial de los Catalinianos).  <strong>Se leer\u00e1 un mensaje de<\/strong> <a href=\"https:\/\/www.focolare.org\/news\/2014\/09\/15\/maria-voce\/\">Mar\u00eda Voce<\/a>, presidente de los Focolares.  <strong>Durante el Congreso <\/strong>se proyectar\u00e1 un video sobre la entrega de la Placa Cataliniana a Chiara Lubich y la actriz sienesa Paola Lambardi leer\u00e1 algunos pasajes extra\u00eddos de textos catalinianos  &nbsp;  <a href=\"http:\/\/www.iu-sophia.org\/Event\/Show\/Convegno-La-mistica-del-fuoco--Santa-Caterina-da-Siena-e-Chiara-Lubich\">Programa<\/a><\/p>\n","protected":false},"excerpt":{"rendered":"<p>En ocasi\u00f3n del 30\u00b0 aniversario (1987-2017) de la entrega de la \u201cPlaca Cataliniana\u201d a Chiara Lubich, la Comunidad de los Padres Dominicos de Siena (Italia), en colaboraci\u00f3n con la Asociaci\u00f3n Internacional de Catalinianos y el Movimiento de los Focolares, est\u00e1 promoviendo un Congreso (23 y 24 de septiembre en Loppiano, la ciudadela fundada por Chiara [&hellip;]<\/p>\n","protected":false},"author":34,"featured_media":0,"comment_status":"open","ping_status":"open","sticky":false,"template":"","format":"standard","meta":{"give_campaign_id":0,"_seopress_robots_primary_cat":"","_seopress_titles_title":"","_seopress_titles_desc":"","_seopress_robots_index":"","_et_pb_use_builder":"","_et_pb_old_content":"","_et_gb_content_width":"","footnotes":""},"categories":[46],"tags":[],"class_list":["post-308954","post","type-post","status-publish","format-standard","hentry","category-sin-categorizar"],"_links":{"self":[{"href":"https:\/\/www.focolare.org\/es\/wp-json\/wp\/v2\/posts\/308954","targetHints":{"allow":["GET"]}}],"collection":[{"href":"https:\/\/www.focolare.org\/es\/wp-json\/wp\/v2\/posts"}],"about":[{"href":"https:\/\/www.focolare.org\/es\/wp-json\/wp\/v2\/types\/post"}],"author":[{"embeddable":true,"href":"https:\/\/www.focolare.org\/es\/wp-json\/wp\/v2\/users\/34"}],"replies":[{"embeddable":true,"href":"https:\/\/www.focolare.org\/es\/wp-json\/wp\/v2\/comments?post=308954"}],"version-history":[{"count":0,"href":"https:\/\/www.focolare.org\/es\/wp-json\/wp\/v2\/posts\/308954\/revisions"}],"wp:attachment":[{"href":"https:\/\/www.focolare.org\/es\/wp-json\/wp\/v2\/media?parent=308954"}],"wp:term":[{"taxonomy":"category","embeddable":true,"href":"https:\/\/www.focolare.org\/es\/wp-json\/wp\/v2\/categories?post=308954"},{"taxonomy":"post_tag","embeddable":true,"href":"https:\/\/www.focolare.org\/es\/wp-json\/wp\/v2\/tags?post=308954"}],"curies":[{"name":"wp","href":"https:\/\/api.w.org\/{rel}","templated":true}]}}