{"id":309030,"date":"2017-10-17T00:10:33","date_gmt":"2017-10-16T22:10:33","guid":{"rendered":"https:\/\/www.focolare.org\/50-anos-de-historia-y-una-pasion-por-la-iglesia\/"},"modified":"2024-05-15T20:45:23","modified_gmt":"2024-05-15T18:45:23","slug":"50-anos-de-historia-y-una-pasion-por-la-iglesia","status":"publish","type":"post","link":"https:\/\/www.focolare.org\/es\/50-anos-de-historia-y-una-pasion-por-la-iglesia\/","title":{"rendered":"50 a\u00f1os de historia y una pasi\u00f3n por la Iglesia"},"content":{"rendered":"<p><strong><a href=\"https:\/\/www.focolare.org\/wp-content\/uploads\/2017\/10\/vallo-mov-parrochiale-1-696x460.jpg\"><img loading=\"lazy\" decoding=\"async\" class=\"alignleft wp-image-157098\" src=\"https:\/\/www.focolare.org\/wp-content\/uploads\/2017\/10\/vallo-mov-parrochiale-1-696x460.jpg\" alt=\"vallo-mov-parrochiale-1-696x460\" width=\"368\" height=\"243\" \/><\/a>El sugestivo marco de las monta\u00f1as acogi\u00f3, <\/strong>el domingo 8 de octubre, a cuantos subieron a Vallo de Lanzo (m\u00e1s o menos a 60 km. de la ciudad de Tur\u00edn, en el norte de Italia) para festejar el 50\u00b0 aniversario de la fundaci\u00f3n del <a href=\"mailto:https:\/\/www.focolare.org\/movimento-dei-focolari\/un-popolo\/movimento-parrocchiale\/\">Movimiento Parroquial<\/a>. \u201c50 a\u00f1os de historia y una pasi\u00f3n por la Iglesia\u201d fue el t\u00edtulo de la jornada, que tuvo lugar en el auditorio del Centro Mar\u00eda Orsola, repleto de personas provenientes de varias regiones de Italia. Entre ellas estaba el Card. Jo\u00e3o Br\u00e1z de Aviz, Prefecto de la Congregaci\u00f3n para los Institutos de vida Consagrada y las Sociedades de Vida Apost\u00f3lica, y Mons. Giuseppe Petrocchi, Arzobispo de Aquila.  <strong>Precisamente en Vallo, 50 a\u00f1os atr\u00e1s, <\/strong>como puso en evidencia <a href=\"mailto:https:\/\/www.focolare.org\/news\/2014\/09\/15\/maria-voce\/\">Mar\u00eda Voce,<\/a> presidente del Movimiento de los Focolares, en el mensaje enviado, naci\u00f3 una de las primeras comunidades, alrededor de Mons. Vincenzo Chiarle. Esta comunidad, viviendo la espiritualidad de comuni\u00f3n de los Focolares, empez\u00f3 a \u201cdar testimonio de un aut\u00e9ntico estilo de vida evang\u00e9lico en el \u00e1mbito de la parroquia, reavivando su esp\u00edritu y estructuras\u201d. Surgi\u00f3 un modelo de \u201ciglesia viva\u201d, seg\u00fan la definici\u00f3n de Mons. Petrocchi, peque\u00f1a por sus dimensiones, pero grande por su esp\u00edritu de servicio. De la comunidad naci\u00f3 un ejemplo de santidad, Mar\u00eda Orsola, de s\u00f3lo diecis\u00e9is a\u00f1os, de quien est\u00e1 en camino el reconocimiento oficial.  <strong><a href=\"https:\/\/www.focolare.org\/wp-content\/uploads\/2017\/10\/Movimento-parrocchiale-a-Vallo-Torinese.jpg\"><img loading=\"lazy\" decoding=\"async\" class=\"alignright wp-image-157096\" src=\"https:\/\/www.focolare.org\/wp-content\/uploads\/2017\/10\/Movimento-parrocchiale-a-Vallo-Torinese.jpg\" alt=\"Movimento-parrocchiale-a-Vallo-Torinese\" width=\"368\" height=\"246\" \/><\/a><\/strong><strong>El Movimiento parroquial surge a partir de la intuici\u00f3n de<\/strong> <a href=\"mailto:https:\/\/www.focolare.org\/chiara-lubich\/\">Chiara Lubich<\/a>, en los a\u00f1os \u201840, sobre la influencia que podr\u00eda tener la espiritualidad de la unidad en las comunidades parroquiales. El hist\u00f3rico encuentro con el Papa Pablo VI, en 1967, marca la fecha de nacimiento oficial. La historia del Movimiento parroquial es recorrida a trav\u00e9s de las palabras de los primeros testigos. El compromiso continua: todav\u00eda hoy Vallo es la meta de grupos de j\u00f3venes y comunidades, gracias a su esp\u00edritu de comuni\u00f3n siempre presente.  <strong>Hoy son muchas las comunidades en distintas regiones de Italia <\/strong>y en otros pa\u00edses del mundo. Bruno y Luisa, una pareja de esposos de Cavi di Lavagna (G\u00e9nova, Italia), ofrecieron su testimonio de compromiso activo en estrecha unidad con su p\u00e1rroco. Impactante la experiencia de Luca, quien gracias al apoyo de los j\u00f3venes de su parroquia, pudo transformar las inc\u00f3gnitas que le produjo un grave accidente automovil\u00edstico del que fue v\u00edctima, en un tiempo favorable para redescubrir la oraci\u00f3n y reflexi\u00f3n acerca de la belleza de la vida.  Como augur\u00f3 el arzobispo de Tur\u00edn, Cesare Nosiglia, en su mensaje inaugural, hacer el recorrido de 50 a\u00f1os de vida significa volver a los or\u00edgenes y encaminarse hacia nuevos desaf\u00edos.<\/p>\n","protected":false},"excerpt":{"rendered":"<p>En Vallo Torinese, en el norte de Italia, el 8 de octubre pasado se festej\u00f3 el 50 aniversario del nacimiento del Movimiento Parroquial, expresi\u00f3n del Movimiento de los Focolares.<\/p>\n","protected":false},"author":34,"featured_media":0,"comment_status":"open","ping_status":"open","sticky":false,"template":"","format":"standard","meta":{"give_campaign_id":0,"_seopress_robots_primary_cat":"","_seopress_titles_title":"","_seopress_titles_desc":"","_seopress_robots_index":"","_et_pb_use_builder":"","_et_pb_old_content":"","_et_gb_content_width":"","footnotes":""},"categories":[46],"tags":[],"class_list":["post-309030","post","type-post","status-publish","format-standard","hentry","category-sin-categorizar"],"_links":{"self":[{"href":"https:\/\/www.focolare.org\/es\/wp-json\/wp\/v2\/posts\/309030","targetHints":{"allow":["GET"]}}],"collection":[{"href":"https:\/\/www.focolare.org\/es\/wp-json\/wp\/v2\/posts"}],"about":[{"href":"https:\/\/www.focolare.org\/es\/wp-json\/wp\/v2\/types\/post"}],"author":[{"embeddable":true,"href":"https:\/\/www.focolare.org\/es\/wp-json\/wp\/v2\/users\/34"}],"replies":[{"embeddable":true,"href":"https:\/\/www.focolare.org\/es\/wp-json\/wp\/v2\/comments?post=309030"}],"version-history":[{"count":0,"href":"https:\/\/www.focolare.org\/es\/wp-json\/wp\/v2\/posts\/309030\/revisions"}],"wp:attachment":[{"href":"https:\/\/www.focolare.org\/es\/wp-json\/wp\/v2\/media?parent=309030"}],"wp:term":[{"taxonomy":"category","embeddable":true,"href":"https:\/\/www.focolare.org\/es\/wp-json\/wp\/v2\/categories?post=309030"},{"taxonomy":"post_tag","embeddable":true,"href":"https:\/\/www.focolare.org\/es\/wp-json\/wp\/v2\/tags?post=309030"}],"curies":[{"name":"wp","href":"https:\/\/api.w.org\/{rel}","templated":true}]}}