{"id":309094,"date":"2017-11-10T03:10:25","date_gmt":"2017-11-10T02:10:25","guid":{"rendered":"https:\/\/www.focolare.org\/presentado-en-atenas-el-movimiento-de-los-focolares\/"},"modified":"2024-05-15T20:45:33","modified_gmt":"2024-05-15T18:45:33","slug":"presentado-en-atenas-el-movimiento-de-los-focolares","status":"publish","type":"post","link":"https:\/\/www.focolare.org\/es\/presentado-en-atenas-el-movimiento-de-los-focolares\/","title":{"rendered":"Presentado en Atenas el Movimiento de los Focolares"},"content":{"rendered":"<p><a href=\"https:\/\/www.focolare.org\/wp-content\/uploads\/2017\/11\/20171110-021.jpg\"><img loading=\"lazy\" decoding=\"async\" class=\"alignleft wp-image-158014\" src=\"https:\/\/www.focolare.org\/wp-content\/uploads\/2017\/11\/20171110-021.jpg\" alt=\"20171110-02\" width=\"286\" height=\"147\" \/><\/a>A finales de octubre, el Movimiento de los Focolares promovi\u00f3 una jornada de presentaci\u00f3n de la espiritualidad de la unidad y de las iniciativas de la comunidad en Grecia, con testimonios de familias, j\u00f3venes y un sacerdote de la di\u00f3cesis de Atenas.  \u00abLos testigos hacen cre\u00edble nuestra fe\u00bb coment\u00f3 el arzobispo de Atenas, Mons. <strong>Sebastianos Rossolatos,<\/strong> presente en la jornada. \u00abEl Esp\u00edritu Santo, a lo largo de los siglos, ha enviado los carismas para renovar la Iglesia. Entre ellos, tambi\u00e9n el de los Focolares\u00bb.  En el bolet\u00edn nacional de la Iglesia cat\u00f3lica apareci\u00f3 un art\u00edculo, firmado por el fot\u00f3grafo del diario, presente por primera vez a una cita de los Focolares: \u00abUna jornada de cuestiones sociales para el ma\u00f1ana de nuestra vida. Una jornada de aplicaci\u00f3n de la Regla de oro del cristianismo, para todos el inicio de una mejor forma de vida\u00bb.<\/p>\n","protected":false},"excerpt":{"rendered":"<p>A finales de octubre, el Movimiento de los Focolares promovi\u00f3 una jornada de presentaci\u00f3n de la espiritualidad de la unidad y de las iniciativas de la comunidad en Grecia, con testimonios de familias, j\u00f3venes y un sacerdote de la di\u00f3cesis de Atenas. \u00abLos testigos hacen cre\u00edble nuestra fe\u00bb coment\u00f3 el arzobispo de Atenas, Mons. Sebastianos [&hellip;]<\/p>\n","protected":false},"author":34,"featured_media":0,"comment_status":"open","ping_status":"open","sticky":false,"template":"","format":"standard","meta":{"give_campaign_id":0,"_seopress_robots_primary_cat":"","_seopress_titles_title":"","_seopress_titles_desc":"","_seopress_robots_index":"","_et_pb_use_builder":"","_et_pb_old_content":"","_et_gb_content_width":"","footnotes":""},"categories":[46],"tags":[],"class_list":["post-309094","post","type-post","status-publish","format-standard","hentry","category-sin-categorizar"],"_links":{"self":[{"href":"https:\/\/www.focolare.org\/es\/wp-json\/wp\/v2\/posts\/309094","targetHints":{"allow":["GET"]}}],"collection":[{"href":"https:\/\/www.focolare.org\/es\/wp-json\/wp\/v2\/posts"}],"about":[{"href":"https:\/\/www.focolare.org\/es\/wp-json\/wp\/v2\/types\/post"}],"author":[{"embeddable":true,"href":"https:\/\/www.focolare.org\/es\/wp-json\/wp\/v2\/users\/34"}],"replies":[{"embeddable":true,"href":"https:\/\/www.focolare.org\/es\/wp-json\/wp\/v2\/comments?post=309094"}],"version-history":[{"count":0,"href":"https:\/\/www.focolare.org\/es\/wp-json\/wp\/v2\/posts\/309094\/revisions"}],"wp:attachment":[{"href":"https:\/\/www.focolare.org\/es\/wp-json\/wp\/v2\/media?parent=309094"}],"wp:term":[{"taxonomy":"category","embeddable":true,"href":"https:\/\/www.focolare.org\/es\/wp-json\/wp\/v2\/categories?post=309094"},{"taxonomy":"post_tag","embeddable":true,"href":"https:\/\/www.focolare.org\/es\/wp-json\/wp\/v2\/tags?post=309094"}],"curies":[{"name":"wp","href":"https:\/\/api.w.org\/{rel}","templated":true}]}}