{"id":309126,"date":"2017-11-23T01:10:50","date_gmt":"2017-11-23T00:10:50","guid":{"rendered":"https:\/\/www.focolare.org\/maria-voce-el-genfest-es-nuestro\/"},"modified":"2024-05-15T20:45:39","modified_gmt":"2024-05-15T18:45:39","slug":"maria-voce-el-genfest-es-nuestro","status":"publish","type":"post","link":"https:\/\/www.focolare.org\/es\/maria-voce-el-genfest-es-nuestro\/","title":{"rendered":"Mar\u00eda Voce: \u00ab\u00a1El Genfest es nuestro!\u00bb"},"content":{"rendered":"<p><a href=\"https:\/\/www.focolare.org\/wp-content\/uploads\/2017\/11\/YFUW_PaoloBalduzzi.jpg\"><img loading=\"lazy\" decoding=\"async\" class=\"wp-image-158531 alignright\" src=\"https:\/\/www.focolare.org\/wp-content\/uploads\/2017\/11\/YFUW_PaoloBalduzzi.jpg\" alt=\"YFUW_PaoloBalduzzi\" width=\"360\" height=\"270\" \/><\/a>A sus espaldas 180 <a href=\"https:\/\/www.focolare.org\/es\/movimento-dei-focolari\/scelte-e-impegno\/gen\/\">j\u00f3venes <\/a>del <a href=\"https:\/\/www.focolare.org\/es\/chi-siamo\/\">Movimiento de los Focolares<\/a>, en representaci\u00f3n de sus coet\u00e1neos de todo el mundo. Rostros, colores y rasgos \u00e9tnicos muy distintos. En primera fila se presentan tres j\u00f3venes de Siria. A su lado est\u00e1 <em>Michel<\/em>, que viene de Mali y tiene ojos muy expresivos. Conoci\u00f3 a los Focolares en su pa\u00eds y desde entonces dice que su vida cambi\u00f3. <em>Franti\u0161ek<\/em> de la Rep\u00fablica Checa y <em>Mar\u00eda<\/em> de Portugal explican:<em> \u00abProvenimos de m\u00e1s de 40 pa\u00edses. Estamos aqu\u00ed de todos los continentes para confrontarnos sobre nuestra identidad y nuestros desaf\u00edos para construir una cultura de fraternidad\u00bb<\/em>. Detr\u00e1s de ellos est\u00e1n sentados <strong>Amin<\/strong> de Argelia, que es musulm\u00e1n, y <strong>Kioko<\/strong>, budista japonesa. Todos trabajan para construir, con un aporte realmente mundial, el pr\u00f3ximo <a href=\"https:\/\/www.focolare.org\/es\/?s=genfest+\">Genfest <\/a>de Manila (6-8 de julio de 2018), el primero, en la historia de esta manifestaci\u00f3n, fuera de Europa.  <strong>\u00bfPor qu\u00e9 en Asia? Responde Giuseppe, que es italiano<\/strong>: \u00abAsia contiene el 60% de los j\u00f3venes del mundo, por lo tanto para nosotros significa apuntar al futuro, a la fraternidad universal. El t\u00edtulo, \u201cBeyond all borders\u201d, m\u00e1s all\u00e1 de las fronteras, es uno de los desaf\u00edos m\u00e1s grandes que tenemos que afrontar\u00bb, empezando por los l\u00edmites personales: los prejuicios, la diversidad social y cultural. Un gran desaf\u00edo en un pa\u00eds que ha sido afectado por una oleada de violencia end\u00e9mica, por la\u00a0\u00a0\u00a0\u00a0\u00a0\u00a0\u00a0 exclusi\u00f3n social de muchos sectores de la poblaci\u00f3n y por una crisis pol\u00edtica sin precedentes. \u00abQueremos que estos conflictos no nos dividan sino que sean una posibilidad para unirnos m\u00e1s\u00bb.  <strong><a href=\"https:\/\/www.focolare.org\/wp-content\/uploads\/2017\/11\/genfest_beyondallborders.jpg\"><img loading=\"lazy\" decoding=\"async\" class=\"wp-image-158497 alignleft\" src=\"https:\/\/www.focolare.org\/wp-content\/uploads\/2017\/11\/genfest_beyondallborders.jpg\" alt=\"genfest_beyondallborders\" width=\"386\" height=\"217\" \/><\/a>Fue la gran idea lanzada po<\/strong>r <a href=\"https:\/\/www.focolare.org\/es\/chiara-lubich\/\">Chiara Lubich<\/a> en 1987. La fundadora de los Focolares, ante una platea de j\u00f3venes, explic\u00f3 el motivo del nacimiento del Genfest: \u00abEs una explosi\u00f3n de fuegos, no artificiales, sino reales, del amor de Dios. El objetivo del ut omnes (<em>\u201cPadre, que todos sean uno\u201d<\/em> Jn. 17, 20-23) se acerca. Jes\u00fas conquista y arrastra, deja tras de s\u00ed todo lo que no va, como un riachuelo fresco que deja en la orilla todo lo que no puede arrastrar su limpidez\u00bb. <strong>Y agreg\u00f3:<\/strong> \u00abVer\u00e1n los milagros de las gracia de Dios, porque Dios est\u00e1 con nosotros. \u00c9l es el \u00fanico omnipotente\u00bb.  <strong>Est\u00e1 presente<\/strong> <a href=\"https:\/\/www.focolare.org\/es\/news\/2014\/09\/15\/maria-voce\/\">Mar\u00eda Voce<\/a>, la actual <a href=\"https:\/\/www.focolare.org\/es\/la-presidente\/\">presidente <\/a>de los Focolares. \u00abQuisiera dirigir un enorme gracias a los j\u00f3venes\u00bb. El de ellos \u2013afirma\u2013 es un gran acto de valent\u00eda, \u00abla respuesta de hoy al llamado que Chiara lanz\u00f3 desde los a\u00f1os &#8217;60 \u201cJ\u00f3venes de todo el mundo, \u00fananse\u201d. Este llamado resuena todav\u00eda, no s\u00f3lo para ustedes sino para todos. El objetivo del mundo unido todav\u00eda no lo hemos alcanzado. La primera generaci\u00f3n por si sola, no lo logr\u00f3, no pod\u00eda lograrlo. Sola, tampoco la segunda lo podr\u00e1 lograr, porque es un objetivo enorme. La idea de un mundo unido debe transmitirse de generaci\u00f3n en generaci\u00f3n, y ellas, <strong><a href=\"https:\/\/www.focolare.org\/wp-content\/uploads\/2017\/11\/20171123-01.jpg\"><img loading=\"lazy\" decoding=\"async\" class=\"wp-image-158487 alignright\" src=\"https:\/\/www.focolare.org\/wp-content\/uploads\/2017\/11\/20171123-01.jpg\" alt=\"20171123-01\" width=\"386\" height=\"290\" \/><\/a><\/strong>unidas, pueden llevarlo a cumplimiento\u00bb.  <strong>Y agrega<\/strong>: \u00abEl Genfest no se refiere s\u00f3lo a los j\u00f3venes, sino a todos. Por eso quiero ir tambi\u00e9n yo y espero que seamos muchos\u00bb. Cada uno puede hacer algo: \u00abAlguien podr\u00eda decir, \u2018pero yo estoy enfermo, no logro\u2026 \u00a1Ofrece tu sufrimiento! Se puede ayudar con la acogida, ayudando a los j\u00f3venes a preparar el programa, dando un aporte econ\u00f3mico para esos j\u00f3venes que de lo contrario no podr\u00edan participar. Hagamos toda nuestra parte. \u00a1El Genfest es m\u00edo, es nuestro!\u00bb  <strong>Antes de concluir la conexi\u00f3n<\/strong>, una joven filipina propone a todos una tripe tarea: \u00abPrimero: organizar un Genfest local. Segundo: hacer una acci\u00f3n concreta, para ayudar al menos a un joven a ir a Manila. Tercero: adquirir la camiseta con nuestro logo, es tambi\u00e9n un modo de ayudarnos\u00bb. Todos los detalles est\u00e1n en el <a href=\"http:\/\/www.y4uw.org\/\" target=\"_blank\" rel=\"noopener\">sitio <\/a>de los J\u00f3venes por un mundo unido, una sigla que a partir de ahora tenemos que aprender de memoria: <a href=\"http:\/\/y4uw.org\/\" target=\"_blank\" rel=\"noopener\">Y4UW.<\/a>  <span id=\"result_box\" class=\"short_text\" lang=\"es\"><span class=\"\">Ver tambi\u00e9n<\/span><\/span>: \u00a0<a href=\"https:\/\/www.focolare.org\/en\/genfest-2018\/\" target=\"_blank\" rel=\"noopener\">www.focolare.org\/genfest-2018\/<\/a><\/p>\n","protected":false},"excerpt":{"rendered":"<p><a href=\"http:\/\/y4uw.org\/events\/genfest-2018\/\"><img loading=\"lazy\" decoding=\"async\" class=\"alignleft wp-image-154777\" src=\"https:\/\/www.focolare.org\/wp-content\/uploads\/2017\/07\/Logo-Genfest.jpg\" alt=\"Logo Genfest\" width=\"48\" height=\"48\" \/><\/a>S\u00e1bado 18 de noviembre, 20.00 hrs. La cita para la conexi\u00f3n CH, que los visitantes de este sitio conocen bien, se est\u00e1 desarrollando en directo. Le pasan el micr\u00f3fono al periodista Paolo Balduzzi, quien en ese momento se encuentra en el Centro Mari\u00e1polis de Castelgandolfo (Roma).<\/p>\n","protected":false},"author":34,"featured_media":0,"comment_status":"open","ping_status":"open","sticky":false,"template":"","format":"standard","meta":{"give_campaign_id":0,"_seopress_robots_primary_cat":"","_seopress_titles_title":"","_seopress_titles_desc":"","_seopress_robots_index":"","_et_pb_use_builder":"","_et_pb_old_content":"","_et_gb_content_width":"","footnotes":""},"categories":[904],"tags":[],"class_list":["post-309126","post","type-post","status-publish","format-standard","hentry","category-focolare-worldwide-2-2"],"_links":{"self":[{"href":"https:\/\/www.focolare.org\/es\/wp-json\/wp\/v2\/posts\/309126","targetHints":{"allow":["GET"]}}],"collection":[{"href":"https:\/\/www.focolare.org\/es\/wp-json\/wp\/v2\/posts"}],"about":[{"href":"https:\/\/www.focolare.org\/es\/wp-json\/wp\/v2\/types\/post"}],"author":[{"embeddable":true,"href":"https:\/\/www.focolare.org\/es\/wp-json\/wp\/v2\/users\/34"}],"replies":[{"embeddable":true,"href":"https:\/\/www.focolare.org\/es\/wp-json\/wp\/v2\/comments?post=309126"}],"version-history":[{"count":0,"href":"https:\/\/www.focolare.org\/es\/wp-json\/wp\/v2\/posts\/309126\/revisions"}],"wp:attachment":[{"href":"https:\/\/www.focolare.org\/es\/wp-json\/wp\/v2\/media?parent=309126"}],"wp:term":[{"taxonomy":"category","embeddable":true,"href":"https:\/\/www.focolare.org\/es\/wp-json\/wp\/v2\/categories?post=309126"},{"taxonomy":"post_tag","embeddable":true,"href":"https:\/\/www.focolare.org\/es\/wp-json\/wp\/v2\/tags?post=309126"}],"curies":[{"name":"wp","href":"https:\/\/api.w.org\/{rel}","templated":true}]}}