{"id":309130,"date":"2017-11-23T08:22:17","date_gmt":"2017-11-23T07:22:17","guid":{"rendered":"https:\/\/www.focolare.org\/sophia-catedra-ecumenica-patriarca-athenagoras-chiara-lubich\/"},"modified":"2024-05-15T20:45:39","modified_gmt":"2024-05-15T18:45:39","slug":"sophia-catedra-ecumenica-patriarca-athenagoras-chiara-lubich","status":"publish","type":"post","link":"https:\/\/www.focolare.org\/es\/sophia-catedra-ecumenica-patriarca-athenagoras-chiara-lubich\/","title":{"rendered":"Sophia: C\u00e1tedra Ecum\u00e9nica Patriarca Athenagoras-Chiara Lubich"},"content":{"rendered":"<p>El <a href=\"http:\/\/www.iu-sophia.org\/en-US\/\" target=\"_blank\" rel=\"noopener\">Instituto Universitario Sophia<\/a> tiene el agrado di invitar a la Prolusi\u00f3n de <strong>inizio actividad de la C\u00e1tedra Ecum\u00e9nica Patriarca Athenagoras-<a href=\"https:\/\/www.focolare.org\/es\/chiara-lubich\/chi-e-chiara\/\">Chiara Lubich<\/a><\/strong> a cargo de Su Eminencia <strong>Gennadios Zervos<\/strong>, Arzobispo Ortodoxo de Italia y Malta, del t\u00edtulo:<strong> El Patriarca Athenagoras y Chiara Lubich, protagonistas de la unidad.<\/strong>  Maria Stella Giannetti: Comunicaci\u00f3n &#8211; <a href=\"http:\/\/relazioni%2Eesterne@iu-sophia.org\/\" target=\"_blank\" rel=\"noopener\">Relaciones Externas<\/a>  <a href=\"http:\/\/www.iu-sophia.org\/\" target=\"_blank\" rel=\"noopener\">Instituto Universitario Sophia<\/a>  Via san Vito 28, Loppiano &#8211; 50064 Figline e Incisa Valdarno (FIorencia &#8211; Italia)  Tel. +39.055.9051521 &#8211; Cell. +39.349 62 72 045<\/p>\n","protected":false},"excerpt":{"rendered":"<p>At the Auditorium of Loppiano (Italy)<\/p>\n","protected":false},"author":34,"featured_media":0,"comment_status":"open","ping_status":"open","sticky":false,"template":"","format":"standard","meta":{"give_campaign_id":0,"_seopress_robots_primary_cat":"","_seopress_titles_title":"","_seopress_titles_desc":"","_seopress_robots_index":"","_et_pb_use_builder":"","_et_pb_old_content":"","_et_gb_content_width":"","footnotes":""},"categories":[46],"tags":[],"class_list":["post-309130","post","type-post","status-publish","format-standard","hentry","category-sin-categorizar"],"_links":{"self":[{"href":"https:\/\/www.focolare.org\/es\/wp-json\/wp\/v2\/posts\/309130","targetHints":{"allow":["GET"]}}],"collection":[{"href":"https:\/\/www.focolare.org\/es\/wp-json\/wp\/v2\/posts"}],"about":[{"href":"https:\/\/www.focolare.org\/es\/wp-json\/wp\/v2\/types\/post"}],"author":[{"embeddable":true,"href":"https:\/\/www.focolare.org\/es\/wp-json\/wp\/v2\/users\/34"}],"replies":[{"embeddable":true,"href":"https:\/\/www.focolare.org\/es\/wp-json\/wp\/v2\/comments?post=309130"}],"version-history":[{"count":0,"href":"https:\/\/www.focolare.org\/es\/wp-json\/wp\/v2\/posts\/309130\/revisions"}],"wp:attachment":[{"href":"https:\/\/www.focolare.org\/es\/wp-json\/wp\/v2\/media?parent=309130"}],"wp:term":[{"taxonomy":"category","embeddable":true,"href":"https:\/\/www.focolare.org\/es\/wp-json\/wp\/v2\/categories?post=309130"},{"taxonomy":"post_tag","embeddable":true,"href":"https:\/\/www.focolare.org\/es\/wp-json\/wp\/v2\/tags?post=309130"}],"curies":[{"name":"wp","href":"https:\/\/api.w.org\/{rel}","templated":true}]}}