{"id":309140,"date":"2017-11-27T01:10:35","date_gmt":"2017-11-27T00:10:35","guid":{"rendered":"https:\/\/www.focolare.org\/las-iglesias-juntas-al-encuentro-de-la-humanidad\/"},"modified":"2024-05-15T20:45:41","modified_gmt":"2024-05-15T18:45:41","slug":"las-iglesias-juntas-al-encuentro-de-la-humanidad","status":"publish","type":"post","link":"https:\/\/www.focolare.org\/es\/las-iglesias-juntas-al-encuentro-de-la-humanidad\/","title":{"rendered":"Las Iglesias juntas al encuentro de la humanidad"},"content":{"rendered":"<p><img loading=\"lazy\" decoding=\"async\" class=\"alignright wp-image-158648\" src=\"https:\/\/www.focolare.org\/wp-content\/uploads\/2017\/11\/P1320242.jpg\" alt=\"P1320242\" width=\"386\" height=\"217\" \/><strong>Por primera vez despu\u00e9s de 36 a\u00f1os, fue <\/strong><a href=\"https:\/\/www.focolare.org\/focolare-worldwide\/europa\/polonia\/\">Polonia <\/a>el pa\u00eds anfitri\u00f3n del Congreso ecum\u00e9nico anual de los <a href=\"https:\/\/www.focolare.org\/it\/movimento-dei-focolari\/scelte-e-impegno\/vescovi\/\">Obispos amigos del Movimiento de los Focolares.<\/a> Despu\u00e9s de Jerusal\u00e9n, Estambul, Londres, Augsburgo y otras ciudades simb\u00f3licas del camino ecum\u00e9nico, fue el momento de <em>Katowice<\/em>, la capital de la Silesia. Un antiguo centro urbano de casi 300 mil habitantes, acogi\u00f3, del 15 al 18 de noviembre, a 35 obispos de distintas Iglesias, ortodoxos, siro-ortodoxos, evang\u00e9lico-luteranos, anglicanos, metodistas y cat\u00f3licos, provenientes de Alemania, Austria, Inglaterra, Irlanda, Suecia, Polonia, Hungr\u00eda, Lituania, Letonia, Rep\u00fablica Checa, pero tambi\u00e9n de Brasil, Chipre, India, de la Rep\u00fablica Democr\u00e1tica del Congo, Tailandia y de los Estados Unidos. <strong>Con ellos estaban tambi\u00e9n unos treinta laicos. <\/strong><strong>Los obispos reunidos en Katowice representan un muestrario de comunidades sociales y eclesiales diversas, pero animadas por el deseo de hacer una experiencia de comuni\u00f3n fraterna.<\/strong>  <strong>\u00a0\u201cJuntos confesamos, juntos vamos al encuentro de la humanidad\u201d, era el t\u00edtulo del<\/strong><a href=\"https:\/\/www.focolare.org\/press\/files\/2017\/11\/20171114-18_ConvegnoEcumenico_VescoviAmiciFocolari_CS.pdf\"> Congreso<\/a>, a cuya realizaci\u00f3n, adem\u00e1s del <a href=\"https:\/\/www.focolare.org\/chi-siamo\/\">Movimiento de los Focolares,<\/a> colaboraron localmente la Arquidi\u00f3cesis cat\u00f3lica y la Iglesia evang\u00e9lico-luterana de Confesi\u00f3n augustana, la Iglesia ortodoxa de Sosnowiec, la Facultad de Teolog\u00eda de la Universidad de Silesia y la misma Ciudad de Katowice, representada por el alcalde <em>Marcin Krupa.<\/em>  <strong>El Congreso se inaugur\u00f3 con la reflexi\u00f3n de <\/strong><a href=\"https:\/\/www.focolare.org\/?s=+Lesley+Ellison%2C\">\u00a0Lesley Ellison,<\/a> anglicana, que habl\u00f3 de \u201c<em>La espiritualidad de la unidad: una espiritualidad ecum\u00e9nica<\/em>\u201d, tuvo como tema central \u201c<em>Mar\u00eda, la Madre de Jes\u00fas\u201d, <\/em><em>con estudios teol\u00f3gicos desde distintas perspectivas, cat\u00f3lica, evang\u00e9lica, anglicana y ortodoxa. Fueron numerosos los encuentros, las celebraciones y los momentos de oraci\u00f3n seg\u00fan las distintas tradiciones, sellados por el \u201cpacto del amor rec\u00edproco\u201d para vivir la comuni\u00f3n fraterna y \u201camar la Iglesia del otro como la propia\u201d.<\/em>  <img loading=\"lazy\" decoding=\"async\" class=\"wp-image-158649 alignright\" src=\"https:\/\/www.focolare.org\/wp-content\/uploads\/2017\/11\/P1320292.jpg\" alt=\"P1320292\" width=\"386\" height=\"217\" \/><strong>Brendan Leahly es el<\/strong> obispo cat\u00f3lico de Limerick (<a href=\"https:\/\/www.focolare.org\/focolare-worldwide\/europa\/irlanda\/\">Irlanda<\/a>), experto y animador del di\u00e1logo ecum\u00e9nico en su pa\u00eds.  <strong>Cuando lo localizamos telef\u00f3nicamente<strong>, nos dijo:<\/strong><\/strong> \u00abQuiero subrayar la c\u00e1lida acogida que recibimos en Katowice, que ya hab\u00eda visitado en 1991, con ocasi\u00f3n del encuentro de <a href=\"https:\/\/www.focolare.org\/chiara-lubich\/\">Chiara Lubich<\/a> con las comunidades de los Focolares del Oeste y del Este de Europa. Es una ciudad muy desarrollada, que da gran valor a la diversidad y a la acogida. La misma que experimentamos en estos d\u00edas, tanto de parte de la Facultad teol\u00f3gica que nos hosped\u00f3 como de parte de las Iglesias cat\u00f3lica, luterana y ortodoxa. <strong>El Congreso<\/strong> nos dio la posibilidad de un mayor conocimiento rec\u00edproco, permiti\u00f3 profundizar en las distintas realidades eclesiales y socio-culturales en las que vivimos, especialmente en Medio Oriente y en el Este de Europa. Nos damos cuenta de que no podemos ofrecer soluciones para los problemas de esos pa\u00edses (pienso sobre todo en Medio Oriente), pero por lo menos podemos llevar los pesos los unos de os otros. Sentir el dolor del otro me ensancha el alma.  <strong>Ahora no me siendo s\u00f3lo un obispo irland\u00e9s,<\/strong> llevo dentro tambi\u00e9n el contexto y los problemas de los otros obispos. Pero con una esperanza nueva. En cada pa\u00eds hay se\u00f1ales de esperanza, y los pasos hechos a nivel ecum\u00e9nico lo demuestran. Por ejemplo, en la Rep\u00fablica Checa est\u00e1 en curso un proceso de perd\u00f3n rec\u00edproco por los errores cometidos.  El ecumenismo \u2013 <strong>contin\u00faa el obispo<\/strong> \u2013 es una realidad en camino desde hace muchos a\u00f1os, que quiere encontrar siempre nuevos contextos y dar un nuevo testimonio. En el fondo es una experiencia de dar y recibir. Impresiona la fuerte fe cat\u00f3lica, muy radicada aqu\u00ed en Polonia, pero tambi\u00e9n la apertura y el di\u00e1logo con los representantes de otras comunidades\u00bb.  <img loading=\"lazy\" decoding=\"async\" class=\"alignright wp-image-158652\" src=\"https:\/\/www.focolare.org\/wp-content\/uploads\/2017\/11\/P1320495.jpg\" alt=\"P1320495\" width=\"368\" height=\"276\" \/><strong>\u00c5ke Bonnier, <\/strong>obispo luterano de la di\u00f3cesis de Skara, en <a href=\"https:\/\/www.focolare.org\/focolare-worldwide\/europa\/svezia\/\">Suecia<\/a>, dijo sentirse feliz por el congreso: \u00ab<strong>No \u00e9ramos obispos, sino hermanos. Lo que compartimos en el congreso era una realidad, tanto en los momentos pausa como en los intervalos, o en las celebraciones. Esto fue muy importante para m\u00ed, me ha dado nueva fuerza y entusiasmo.<\/strong>  <strong>Ahora espero con alegr\u00eda el pr\u00f3ximo a\u00f1o, en el que, espero, todos ellos podr\u00e1n venir a Suecia. Si me preguntan si este encuentro fue importante para el camino a la unidad de los cristianos, mi respuesta es s\u00ed.<\/strong>  <strong>La unidad no es algo que se realizar\u00e1 solo en el futuro, entre nosotros ya es una realidad<\/strong>\u00bb.  &nbsp;<\/p>\n","protected":false},"excerpt":{"rendered":"<p>Treinta y cinco obispos amigos de los Focolares, pertenecientes a distintas Iglesias, se encontraron en Katowice, en Polonia, del 15 al 18 de noviembre. Los comentarios de Brendan Leahy, cat\u00f3lico, y de \u00c5ke Bonnier, luterano.<\/p>\n","protected":false},"author":34,"featured_media":0,"comment_status":"open","ping_status":"open","sticky":false,"template":"","format":"standard","meta":{"give_campaign_id":0,"_seopress_robots_primary_cat":"","_seopress_titles_title":"","_seopress_titles_desc":"","_seopress_robots_index":"","_et_pb_use_builder":"","_et_pb_old_content":"","_et_gb_content_width":"","footnotes":""},"categories":[904],"tags":[],"class_list":["post-309140","post","type-post","status-publish","format-standard","hentry","category-focolare-worldwide-2-2"],"_links":{"self":[{"href":"https:\/\/www.focolare.org\/es\/wp-json\/wp\/v2\/posts\/309140","targetHints":{"allow":["GET"]}}],"collection":[{"href":"https:\/\/www.focolare.org\/es\/wp-json\/wp\/v2\/posts"}],"about":[{"href":"https:\/\/www.focolare.org\/es\/wp-json\/wp\/v2\/types\/post"}],"author":[{"embeddable":true,"href":"https:\/\/www.focolare.org\/es\/wp-json\/wp\/v2\/users\/34"}],"replies":[{"embeddable":true,"href":"https:\/\/www.focolare.org\/es\/wp-json\/wp\/v2\/comments?post=309140"}],"version-history":[{"count":0,"href":"https:\/\/www.focolare.org\/es\/wp-json\/wp\/v2\/posts\/309140\/revisions"}],"wp:attachment":[{"href":"https:\/\/www.focolare.org\/es\/wp-json\/wp\/v2\/media?parent=309140"}],"wp:term":[{"taxonomy":"category","embeddable":true,"href":"https:\/\/www.focolare.org\/es\/wp-json\/wp\/v2\/categories?post=309140"},{"taxonomy":"post_tag","embeddable":true,"href":"https:\/\/www.focolare.org\/es\/wp-json\/wp\/v2\/tags?post=309140"}],"curies":[{"name":"wp","href":"https:\/\/api.w.org\/{rel}","templated":true}]}}