{"id":309178,"date":"2017-12-11T01:10:41","date_gmt":"2017-12-11T00:10:41","guid":{"rendered":"https:\/\/www.focolare.org\/el-viaje-como-metodo-el-territorio-como-aula\/"},"modified":"2024-05-15T20:45:48","modified_gmt":"2024-05-15T18:45:48","slug":"el-viaje-como-metodo-el-territorio-como-aula","status":"publish","type":"post","link":"https:\/\/www.focolare.org\/es\/el-viaje-como-metodo-el-territorio-como-aula\/","title":{"rendered":"El viaje como m\u00e9todo, el territorio como aula"},"content":{"rendered":"<p><strong><a href=\"https:\/\/www.focolare.org\/wp-content\/uploads\/2017\/12\/Colombia-0Locandina.jpg\"><img loading=\"lazy\" decoding=\"async\" class=\"alignleft wp-image-159176\" src=\"https:\/\/www.focolare.org\/wp-content\/uploads\/2017\/12\/Colombia-0Locandina.jpg\" alt=\"Colombia 0Locandina\" width=\"368\" height=\"263\" \/><\/a>No es un viaje tur\u00edstico<\/strong> el que organiza la Red Internacional \u201c<a href=\"https:\/\/www.dialoghinarchitettura.org\/\" target=\"_blank\" rel=\"noopener\">Di\u00e1logos en Arquitectura<\/a>\u201d, junto con la Universidad de La Salle de Bogot\u00e1; es una <a href=\"https:\/\/www.focolare.org\/news\/2017\/08\/30\/habitandando-costruendo-ponti-tra-italia-e-colombia\/\">experiencia de vida juntos<\/a>, que permite conocer directamente los lugares, el mundo de la cultura, de las empresas y de las asociaciones.  <strong>Se sale de Bogot\u00e1,<\/strong> del sur de la ciudad. \u00a0Las miradas desorientadas de los italianos dicen que es necesario \u201c<em>cambiar los ojos\u201d<\/em> para transferirse con el coraz\u00f3n y la mente en esta tierra de fuertes contrastes, con una relaci\u00f3n diferente con el ambiente y el territorio. <strong>Superamos<\/strong> los m\u00e1s de 3.000 metros de Cordillera Oriental para llegar al centro de Villanueva, un pueblo colonial entre las monta\u00f1as, donde parece que el tiempo se detuvo.<strong> Participamos<\/strong> en un simulacro de evacuaci\u00f3n de los habitantes en caso de terremoto. Todos se re\u00fanen en la plaza del pueblo lo que nos permite vivir con todos este momento comunitario.  <strong>El viaje prosigue por una larga calle en bajada, <\/strong>con muchas curvas, a trav\u00e9s de un t\u00fanel que nos permite ver en algunas partes el verde intenso de las monta\u00f1as y la vista de bell\u00edsimos panoramas. S\u00f3lo en un momento se ve la intervenci\u00f3n del hombre que est\u00e1 construyendo un audaz puente de conexi\u00f3n.  <strong><a href=\"https:\/\/www.focolare.org\/wp-content\/uploads\/2017\/12\/Colombia24.jpg\"><img loading=\"lazy\" decoding=\"async\" class=\"alignright  wp-image-159178\" src=\"https:\/\/www.focolare.org\/wp-content\/uploads\/2017\/12\/Colombia24.jpg\" alt=\"Colombia24\" width=\"418\" height=\"418\" \/><\/a>Llegamos a la puerta del Llano, <\/strong><em>Villavicencio<\/em>. La temperatura externa es muy alta, al igual que la calidez de la gente que encontramos. \u00a0Un majestuoso \u00e1rbol nos repara de la luz.  <strong>Proseguimos el camino<\/strong> atravesando <em>\u201cel llano<\/em>\u201d, una extensi\u00f3n inmensa. \u00a0Es una naturaleza virgen, que contrasta con la megal\u00f3polis.  <strong>Etapa sucesiva:<\/strong> <em>Yopal<\/em>, una ciudad que no hab\u00edamos visitado antes, pero que enseguida nos resulta familiar por la acogida que recibimos. Visitamos la Universidad Unitr\u00f3pico, que ha iniciado un camino interdisciplinario de arquitectura social.  <strong>Como en todos los pa\u00edses de Am\u00e9rica Latina,<\/strong> tambi\u00e9n en Colombia la arquitectura no se puede separar de lo social, nace de las relaciones construidas con las comunidades. En los alrededores de Yopal se encuentra el campus universitario. Una \u2018<em>Utop\u00eda<\/em>\u2019 de la Universidad de La Salle. Una experiencia para los j\u00f3venes que provienen de las regiones rurales, v\u00edctimas de la violencia por parte de la guerrilla. \u00a0Conjuga el estudio y el trabajo de la tierra y permite obtener un diploma en Ciencias Agrarias y la posibilidad de empezar un trabajo. Se trata de una experiencia piloto de paz, que hay que mirar con esperanza.  <strong>Estamos a la mitad del viaje.<\/strong> \u00a0Despu\u00e9s de un \u00f3ptimo desayuno t\u00edpico, proseguimos hacia las ciudades coloniales de <em>Mongu\u00ec<\/em>, y <em>Tunja<\/em>, que fue la primera capital de Colombia. En las grandiosas plazas coloniales, como la de Villa de Leyva, se encuentran las poblaciones ind\u00edgenas que nos transmitieron su fuerte identidad, que hoy se integran bien a las arquitecturas coloniales.  <strong>Regresamos a Bogot\u00e1 por el Norte. \u00a0<\/strong>El impacto es casi m\u00e1s fuerte que el del Sur. Pasamos por la zona m\u00e1s rica con sus casas encerradas en recintos de seguridad.  <strong>La experiencia contin\u00faa<\/strong> con el taller organizado por el Observatorio Urbano de la Universidad de La Salle, en el barrio perif\u00e9rico de Cazuc\u00e1, donde nos transferimos por una semana. Podemos conocer de cerca a las familias,\u00a0compartir su comida y dormir en sus casas.  <strong>El impacto es muy fuerte<\/strong>. Estamos junto a j\u00f3venes universitarios de Alemania, de Bogot\u00e1 y de <em>Yopal<\/em>.  <strong>La pobreza es alt\u00edsima, <\/strong>pero la solidaridad y las relaciones que existen nos hacen descubrir la identidad del lugar.  \u00a1La experiencia de trabajo es nueva! Se trata de completar la parte externa de algunas casas,\u00a0realizar huertas y pintar algunas fachadas, poner a punto una biblioteca y dise\u00f1ar algunos murales que expresen la vida de esa comunidad. \u00a0\u00a0Toda la familia es representada simb\u00f3licamente por p\u00e1jaros, entre ellos est\u00e1 tambi\u00e9n un hijo que fue asesinado por la delincuencia local, un dolor que hemos compartido. \u00a0Uno de los j\u00f3venes del barrio nos dice: \u00ab<em>Hemos trabajado juntos y hemos hecho m\u00e1s bello nuestro barrio. Ahora proseguiremos completando las calles\u00bb<\/em>. \u00a0Sus miradas se imprimen dentro de nosotros; un gran entusiasmo y una nueva esperanza nos invaden.  <strong>El intercambio cultural ha sido un aut\u00e9ntico enriquecimiento,<\/strong>\u00a0al hacer arquitectura juntos, poniendo a disposici\u00f3n capacidades y conocimientos. El arquitecto puede contribuir a reconstruir el tejido social creando espacios que destinados a custodiar y hacer crecer la identidad de un lugar con su comunidad.<\/p>\n","protected":false},"excerpt":{"rendered":"<p>HabitAndando,  el taller que los \u00faltimos 3 a\u00f1os ha llevado a Italia docentes y estudiantes de las universidades de arquitectura de Colombia, este a\u00f1o ha tra\u00eddo a Colombia docentes y estudiantes italianos de la Universidad d\u2019Annunzio de Pescara.<\/p>\n","protected":false},"author":34,"featured_media":0,"comment_status":"open","ping_status":"open","sticky":false,"template":"","format":"standard","meta":{"give_campaign_id":0,"_seopress_robots_primary_cat":"","_seopress_titles_title":"","_seopress_titles_desc":"","_seopress_robots_index":"","_et_pb_use_builder":"","_et_pb_old_content":"","_et_gb_content_width":"","footnotes":""},"categories":[46],"tags":[],"class_list":["post-309178","post","type-post","status-publish","format-standard","hentry","category-sin-categorizar"],"_links":{"self":[{"href":"https:\/\/www.focolare.org\/es\/wp-json\/wp\/v2\/posts\/309178","targetHints":{"allow":["GET"]}}],"collection":[{"href":"https:\/\/www.focolare.org\/es\/wp-json\/wp\/v2\/posts"}],"about":[{"href":"https:\/\/www.focolare.org\/es\/wp-json\/wp\/v2\/types\/post"}],"author":[{"embeddable":true,"href":"https:\/\/www.focolare.org\/es\/wp-json\/wp\/v2\/users\/34"}],"replies":[{"embeddable":true,"href":"https:\/\/www.focolare.org\/es\/wp-json\/wp\/v2\/comments?post=309178"}],"version-history":[{"count":0,"href":"https:\/\/www.focolare.org\/es\/wp-json\/wp\/v2\/posts\/309178\/revisions"}],"wp:attachment":[{"href":"https:\/\/www.focolare.org\/es\/wp-json\/wp\/v2\/media?parent=309178"}],"wp:term":[{"taxonomy":"category","embeddable":true,"href":"https:\/\/www.focolare.org\/es\/wp-json\/wp\/v2\/categories?post=309178"},{"taxonomy":"post_tag","embeddable":true,"href":"https:\/\/www.focolare.org\/es\/wp-json\/wp\/v2\/tags?post=309178"}],"curies":[{"name":"wp","href":"https:\/\/api.w.org\/{rel}","templated":true}]}}