{"id":309236,"date":"2018-01-05T01:10:11","date_gmt":"2018-01-05T00:10:11","guid":{"rendered":"https:\/\/www.focolare.org\/el-nacimiento-de-los-focolares-historia-y-sociologia-de-un-carisma\/"},"modified":"2024-05-15T20:45:56","modified_gmt":"2024-05-15T18:45:56","slug":"el-nacimiento-de-los-focolares-historia-y-sociologia-de-un-carisma","status":"publish","type":"post","link":"https:\/\/www.focolare.org\/es\/el-nacimiento-de-los-focolares-historia-y-sociologia-de-un-carisma\/","title":{"rendered":"El nacimiento de los Focolares: historia y sociolog\u00eda de un carisma"},"content":{"rendered":"<p><strong><a href=\"https:\/\/www.cittanuova.it\/libri\/9788831108539\/la-nascita-dei-focolari\/\"><img loading=\"lazy\" decoding=\"async\" class=\"wp-image-159813 size-full alignleft\" src=\"https:\/\/www.focolare.org\/wp-content\/uploads\/2018\/01\/callebaut-focolari-copertina.jpg\" alt=\"callebaut-focolari-copertina\" width=\"200\" height=\"303\" \/><\/a>D<\/strong><strong>esde una peque\u00f1a ciudad del Norte de Italia a los cinco continentes. Un amplio dossier de corte sociol\u00f3gico delinea la historia de los Focolares, <\/strong>desde su nacimiento hasta su aprobaci\u00f3n definitiva por parte de la Iglesia en 1965. Una reconstrucci\u00f3n detallada, promovida por la misma fundadora de los Focolares ya en los a\u00f1os \u201980, publicada por primera vez en una edici\u00f3n francesa en el 2010, \u00faltimamente ha sido traducida en italiano por <a href=\"https:\/\/www.cittanuova.it\/citta-nuova-editrice\/\" target=\"_blank\" rel=\"noopener\">Citt\u00e0 Nuova<\/a>.<strong> \u00a0<\/strong><strong>Piero Coda, re<\/strong><strong>ctor del Instituto Universitario Sophia (<a href=\"http:\/\/www.iu-sophia.org\/\" target=\"_blank\" rel=\"noopener\">IUS<\/a>) <\/strong>en el prefacio, introduce la investigaci\u00f3n de Callebaut con estas palabras: \u00abUn acercamiento cient\u00edfico e integral de la historia de los Focolares, que hasta ahora no exist\u00eda. [\u2026] La presente investigaci\u00f3n, por primera vez, construye e instruye un dossier hist\u00f3rico e interpretativo del relevante fen\u00f3meno que representa el Movimiento de los Focolares [\u2026] El trabajo es acucioso, puntual, y en la medida de lo posible exhaustivo [\u2026] intachable y excelente desde el punto de vista hist\u00f3rico\u00bb.  <strong>Entrevistado por<\/strong><strong> Lorenzo Prezzi p<\/strong><strong>ara<\/strong><strong> settimananews.it, Bernhard Callebaut (Bruges, 1953), <\/strong>graduado en Derecho, Filosof\u00eda y Sociolog\u00eda en la Universidad Cat\u00f3lica de Lovania, actualmente es profesor estable del Instituto Universitario Sophia, de Florencia, donde es tambi\u00e9n Director Grupo de investigaci\u00f3n del Programa<em>\u201cReligions in a Global Word\u201d,<\/em> explica el sentido de la obra: \u00abPienso que el puro relato testimonial, en el que se siente muy viva la persona, ser\u00e1 siempre v\u00e1lido. No creo que un libro como el m\u00edo puede borrar de mi historia en shock ben\u00e9fico experimentado al leer algunas p\u00e1ginas del primer libro de Chiara Lubich (<em>Meditaciones)<\/em>; son p\u00e1ginas que estimulan a vivir los mensajes que contiene. Hecha esta premisa, creo que, en un segundo momento, hay que respetar la exigencia de entender, de contextualizar, de vincular un fen\u00f3meno a la historia pasada y percibir al menos un poco su perspectiva futura\u00bb.  <strong><a href=\"https:\/\/www.focolare.org\/wp-content\/uploads\/2018\/01\/Foco_Chiara_DonForesi.jpg\"><img loading=\"lazy\" decoding=\"async\" class=\"alignright wp-image-159817\" src=\"https:\/\/www.focolare.org\/wp-content\/uploads\/2018\/01\/Foco_Chiara_DonForesi.jpg\" alt=\"Foco_Chiara_DonForesi\" width=\"368\" height=\"244\" \/><\/a>Los primeros veinte a\u00f1os de la historia de los Focolares est\u00e1n marcados por las \u201ciluminaciones\u201d de <a href=\"https:\/\/www.focolare.org\/chiara-lubich\/chi-e-chiara\/\">Chiara Lubich<\/a>,<\/strong> que se convirtieron seguidamente en el n\u00facleo central de su espiritualidad. \u00abEl carisma siempre se concede a alguien en particular, tambi\u00e9n aqu\u00ed\u00bb explica <strong>Callebaut. \u00ab<\/strong>S\u00f3lo despu\u00e9s de un cierto tiempo Chiara se da cuenta que en realidad ese don hab\u00eda sido dado a ella y a nadie m\u00e1s, al menos no en esa forma tan fuerte, l\u00edmpida, arrolladora. Pero, con el tiempo, se dio cuenta que tambi\u00e9n sus primeros compa\u00f1eros, que hab\u00edan sido mandamos a otras partes \u2013primero a Italia, despu\u00e9s a Europa y a otros continentes- y tambi\u00e9n ellos se volvieron portadores, multiplicadores del carisma, \u201cpeque\u00f1as fuentes\u201d tambi\u00e9n ellos\u00bb. \u00abHoy por hoy \u2013en mi libro est\u00e1 documentado ampliamente- el coraz\u00f3n del carisma de Chiara Lubich est\u00e1 vinculado al haber identificado \u2013por un don- y despu\u00e9s haber desmenuzado, como nunca antes en la historia de dos milenios de vida cristiana, <strong>el significado de ese \u00e1pice de la pasi\u00f3n que lo constituye el momento del <a href=\"https:\/\/www.focolare.org\/chiara-lubich\/spiritualita-dellunita\/gesu-abbandonato\/\">grito de abandono<\/a> del hombre-Dios\u00bb.<\/strong>  <strong>La de los Focolares es, al inicio, una historia hecha de una larga y dolorosa espera del reconocimiento por parte de la Iglesia.<\/strong> \u00abA principios de los a\u00f1os Cincuenta el Santo Oficio examina los documentos sobre los Focolares e inicia una serie de verificaciones sobre la joven fundadora. Para ponerla a prueba a ella y a los suyos y medir su fidelidad a la Iglesia, le pide que d\u00e9 un paso atr\u00e1s, que no sea m\u00e1s la responsable del Movimiento. Para su entorno siempre que claro qui\u00e9n era realmente el alma del Movimiento y nunca hubo crisis de liderazgo durante esos a\u00f1os, hasta que<strong> Pablo VI<\/strong> resolvi\u00f3 definitivamente la cuesti\u00f3n. <strong>En 1965 Chiara Lubich firmar\u00e1 su primera carta como presidente de los Focolares.<\/strong> Hoy, a distancia del tiempo, se empieza a entender que detr\u00e1s de su estatura de portadora de un carisma, hab\u00eda tambi\u00e9n una densidad de pensamiento poco com\u00fan\u00bb. En a\u00f1os m\u00e1s recientes, la intuici\u00f3n carism\u00e1tica de la fundadora se traduce tambi\u00e9n en una serie de propuestas concretas como aporte a la resoluci\u00f3n de cuestiones sociales y culturales. Como la <a href=\"http:\/\/www.edc-online.org\/it\/\" target=\"_blank\" rel=\"noopener\">Econom\u00eda de Comuni\u00f3n<\/a>, \u00abque hace una opci\u00f3n preferencial por los pobres y, al mismo tiempo, valora a quien sabe contribuir con la vida econ\u00f3mica con el talento poco com\u00fan del emprendimiento\u00bb, o la fundaci\u00f3n del <a href=\"http:\/\/www.iu-sophia.org\/\" target=\"_blank\" rel=\"noopener\">Instituto Universitario Sophia<\/a>, \u00abcomo interesante aporte a los debates y a la faena del pensamiento contempor\u00e1neo\u00bb.  Hoy d\u00eda, todos los miembros de los Focolares de alguna forma llevan y multiplican\u00bb el carisma de Chiara Lubich \u00abpara realizar el <em>ut omnes<\/em>\u00bb<em>. <\/em>Y concluye Callebaut: \u00abHay trabajo para algunos siglos, me parece\u00bb.  &nbsp;  <a href=\"https:\/\/www.focolare.org\/wp-content\/uploads\/2018\/01\/Bernhard-Callebaut.jpeg\"><img loading=\"lazy\" decoding=\"async\" class=\"size-full wp-image-159814 alignleft\" src=\"https:\/\/www.focolare.org\/wp-content\/uploads\/2018\/01\/Bernhard-Callebaut.jpeg\" alt=\"Bernhard Callebaut\" width=\"144\" height=\"192\" \/><\/a>Callebaut Bernhard,\u00a0<em>Tradition, charisme et proph\u00e9tie dans le Mouvement international des Focolari. Analyse sociologique, <\/em>Paris, <a href=\"https:\/\/www.nouvellecite.fr\/\" target=\"_blank\" rel=\"noopener\">Nouvelle Cit\u00e9<\/a>, 2010, LXXXIII + 537 p.  Trad. it. <em>La nascita dei Focolari. Storia e sociologia di un carisma (El nacimiento de los Focolares. Historia y sociolog\u00eda de un carisma)<\/em>\u00a0(1943-1965), <a href=\"https:\/\/www.cittanuova.it\/citta-nuova-editrice\/\" target=\"_blank\" rel=\"noopener\">Citt\u00e0 Nuova<\/a> \u2013 <a href=\"http:\/\/www.iu-sophia.org\/\" target=\"_blank\" rel=\"noopener\">Sophia<\/a>, Roma 2017, pp. 640.  Lee la entrevista completa de Lorenzo Prezzi: <a href=\"http:\/\/www.settimananews.it\/spiritualita\/focolari-movimento-carisma-storia\/\">http:\/\/www.settimananews.it\/spiritualita\/focolari-movimento-carisma-storia\/<\/a>  &nbsp;<\/p>\n","protected":false},"excerpt":{"rendered":"<p>El \u201cfen\u00f3meno Focolares\u201d, desde el punto de vista cient\u00edfico-sociol\u00f3gico, en el contexto hist\u00f3rico y cultural en el que se desarroll\u00f3 el Movimiento; es el an\u00e1lisis espec\u00edfico de Bernhard Callebaut, soci\u00f3logo belga, disponible en franc\u00e9s (Nouvelle Cit\u00e9, 2010) y ahora tambi\u00e9n en itialiano (Citt\u00e0 Nuova, 2017).<\/p>\n","protected":false},"author":34,"featured_media":0,"comment_status":"open","ping_status":"open","sticky":false,"template":"","format":"standard","meta":{"give_campaign_id":0,"_seopress_robots_primary_cat":"","_seopress_titles_title":"","_seopress_titles_desc":"","_seopress_robots_index":"","_et_pb_use_builder":"","_et_pb_old_content":"","_et_gb_content_width":"","footnotes":""},"categories":[46],"tags":[],"class_list":["post-309236","post","type-post","status-publish","format-standard","hentry","category-sin-categorizar"],"_links":{"self":[{"href":"https:\/\/www.focolare.org\/es\/wp-json\/wp\/v2\/posts\/309236","targetHints":{"allow":["GET"]}}],"collection":[{"href":"https:\/\/www.focolare.org\/es\/wp-json\/wp\/v2\/posts"}],"about":[{"href":"https:\/\/www.focolare.org\/es\/wp-json\/wp\/v2\/types\/post"}],"author":[{"embeddable":true,"href":"https:\/\/www.focolare.org\/es\/wp-json\/wp\/v2\/users\/34"}],"replies":[{"embeddable":true,"href":"https:\/\/www.focolare.org\/es\/wp-json\/wp\/v2\/comments?post=309236"}],"version-history":[{"count":0,"href":"https:\/\/www.focolare.org\/es\/wp-json\/wp\/v2\/posts\/309236\/revisions"}],"wp:attachment":[{"href":"https:\/\/www.focolare.org\/es\/wp-json\/wp\/v2\/media?parent=309236"}],"wp:term":[{"taxonomy":"category","embeddable":true,"href":"https:\/\/www.focolare.org\/es\/wp-json\/wp\/v2\/categories?post=309236"},{"taxonomy":"post_tag","embeddable":true,"href":"https:\/\/www.focolare.org\/es\/wp-json\/wp\/v2\/tags?post=309236"}],"curies":[{"name":"wp","href":"https:\/\/api.w.org\/{rel}","templated":true}]}}