{"id":309254,"date":"2018-01-15T01:10:48","date_gmt":"2018-01-15T00:10:48","guid":{"rendered":"https:\/\/www.focolare.org\/estuve-en-el-genfest-de-1980\/"},"modified":"2024-05-15T20:45:59","modified_gmt":"2024-05-15T18:45:59","slug":"estuve-en-el-genfest-de-1980","status":"publish","type":"post","link":"https:\/\/www.focolare.org\/es\/estuve-en-el-genfest-de-1980\/","title":{"rendered":"Estuve en el Genfest de 1980"},"content":{"rendered":"<p><strong><a href=\"https:\/\/www.focolare.org\/wp-content\/uploads\/2017\/12\/Genfest1980_b.jpg\"><img loading=\"lazy\" decoding=\"async\" class=\"alignright wp-image-159348\" src=\"https:\/\/www.focolare.org\/wp-content\/uploads\/2017\/12\/Genfest1980_b.jpg\" alt=\"Genfest1980_b\" width=\"368\" height=\"226\" \/><\/a>Nac\u00ed y crec\u00ed en Macao, <\/strong>una ex colonia portuguesa que ahora forma parte de China continental. All\u00ed conoc\u00ed el <a href=\"https:\/\/www.focolare.org\/chiara-lubich\/spiritualita-dellunita\/\">Ideal de la unidad<\/a> en una <a href=\"https:\/\/www.focolare.org\/es\/all-opera\/mariapoli\/\">Mari\u00e1polis.<\/a>  <strong>Macao es una peque\u00f1a ciudad <\/strong>que se puede visitar en pocas horas, por lo tanto, la invitaci\u00f3n a un <a href=\"https:\/\/www.focolare.org\/?s=genfest+\">Genfest <\/a>que tendr\u00eda lugar en Roma, junto con miles de j\u00f3venes de todo el mundo, me atra\u00eda mucho, aunque no ten\u00eda la m\u00ednima idea de qu\u00e9 era. Reci\u00e9n hab\u00eda empezado a vivir este Ideal junto con otros j\u00f3venes y algunas focolarinas ven\u00edan a menudo a visitarnos y nos tra\u00edan noticias y la vida concreta del Evangelio vivida en el Movimiento en todo el mundo. Ese mundo que hab\u00eda conocido s\u00f3lo a trav\u00e9s de las lecciones de Geograf\u00eda, ahora, con el Ideal de la unidad, se hab\u00eda vuelto peque\u00f1o y cercano.  <strong>En cuanto llegamos a Roma, <\/strong>algunos d\u00edas antes, nos reunimos en una casa con muchos j\u00f3venes provenientes de Filipinas, Hong Kong, Australia, Am\u00e9rica Latina\u2026 \u00bfC\u00f3mo convivir con todos ellos? Nosotras asi\u00e1ticas \u00e9ramos un poco t\u00edmidas y, sin conocer el idioma no sab\u00edamos c\u00f3mo comunicarnos. Pero en cambio no hab\u00eda necesidad de hablar para entendernos, nos congregaba la misma alegr\u00eda y enseguida entre nosotros naci\u00f3 un fuerte v\u00ednculo. Despu\u00e9s de un par de d\u00edas nos sent\u00edamos una \u00fanica familia. Despu\u00e9s supimos que el t\u00edtulo del Genfest era: <em>\u201cPor un Mundo Unido\u201d.<\/em>  El Genfest se realiz\u00f3 en un estadio abierto, por lo tanto rez\u00e1bamos mucho para que no lloviera. Se esperaban cientos de autobuses de toda Europa.  <div style=\"width: 378px\" class=\"wp-caption alignleft\"><img loading=\"lazy\" decoding=\"async\" src=\"https:\/\/www.focolare.org\/wp-content\/uploads\/2017\/12\/Genfest1980.jpg\" alt=\"\" width=\"368\" height=\"262\" \/><p class=\"wp-caption-text\">Chiara Lubich<\/p><\/div>  Supimos que <a href=\"https:\/\/www.focolare.org\/chiara-lubich\/\">Chiara Lubich <\/a>(a quien todav\u00eda no conoc\u00eda personalmente) deseaba que el Genfest fuera <em>\u201cun momento de Dios\u201d. <\/em>M\u00e1s que a la fiesta, Chiara nos llevaba a lo esencial.  <strong>Aunque entonces no entend\u00eda mucho el italiano ten\u00eda la tarea de traducir para los gen chinos, filipinos y brasile\u00f1os. <\/strong>No fue nada f\u00e1cil, todo lo contario. Cuando empez\u00f3 el Genfest, entre la emoci\u00f3n y la dificultad de escuchar, no lograba traducir.  Cuando Chiara subi\u00f3 al palco, los 40.000 j\u00f3venes \u00e9ramos <em>\u201cun solo coraz\u00f3n y una sola alma\u201d. <\/em>Est\u00e1bamos fascinados por su presencia y all\u00ed entend\u00ed qui\u00e9n era Chiara. A\u00fan en medio del inmenso estadio, cada uno la sent\u00eda cercana. No entend\u00ed todo lo que dijo, pero sent\u00eda que ya hab\u00edamos emprendido el camino hacia el mundo unido. Pero un ideal tan grande exig\u00eda el compromiso de cada uno.  <strong>En un momento dado lleg\u00f3 la lluvia\u2026 <\/strong>Era impresionante ver como quien ten\u00eda paraguas lo usaba para tapar a quien ten\u00eda delante. Y a pesar de que no logramos, por motivos t\u00e9cnicos, entender el mensaje de Chiara, todos est\u00e1bamos felices. Su presencia en medio nuestro, por el amor rec\u00edproco, nos arrastraba y nos llenaba de alegr\u00eda. \u00a1Ese \u201cmomento de Dios\u201d se estaba realizando!\u201d.  <strong>Al terminar el Genfest<\/strong> todos los 40.000 partimos con la convicci\u00f3n que recorriendo el camino que Chiara Lubich nos hab\u00eda indicado habr\u00edamos podido dar nuestro aporte a la construcci\u00f3n de un mundo m\u00e1s unido. Y empezamos enseguida: amando a cada persona que encontr\u00e1bamos y viviendo el amor rec\u00edproco entre nosotros 24 horas sobre 24.  Del de Sousa<\/p>\n","protected":false},"excerpt":{"rendered":"<p>El testimonio de Del de Sousa, proveniente de Macao, en su primer Genfest en el Estadio Flaminio de Roma, titulado \u201cPor un mundo unido\u201d. <img loading=\"lazy\" decoding=\"async\" class=\"alignright wp-image-154777\" src=\"https:\/\/www.focolare.org\/wp-content\/uploads\/2017\/07\/Logo-Genfest.jpg\" alt=\"Logo Genfest\" width=\"48\" height=\"48\" \/><\/a><\/p>\n","protected":false},"author":34,"featured_media":0,"comment_status":"open","ping_status":"open","sticky":false,"template":"","format":"standard","meta":{"give_campaign_id":0,"_seopress_robots_primary_cat":"","_seopress_titles_title":"","_seopress_titles_desc":"","_seopress_robots_index":"","_et_pb_use_builder":"","_et_pb_old_content":"","_et_gb_content_width":"","footnotes":""},"categories":[46],"tags":[],"class_list":["post-309254","post","type-post","status-publish","format-standard","hentry","category-sin-categorizar"],"_links":{"self":[{"href":"https:\/\/www.focolare.org\/es\/wp-json\/wp\/v2\/posts\/309254","targetHints":{"allow":["GET"]}}],"collection":[{"href":"https:\/\/www.focolare.org\/es\/wp-json\/wp\/v2\/posts"}],"about":[{"href":"https:\/\/www.focolare.org\/es\/wp-json\/wp\/v2\/types\/post"}],"author":[{"embeddable":true,"href":"https:\/\/www.focolare.org\/es\/wp-json\/wp\/v2\/users\/34"}],"replies":[{"embeddable":true,"href":"https:\/\/www.focolare.org\/es\/wp-json\/wp\/v2\/comments?post=309254"}],"version-history":[{"count":0,"href":"https:\/\/www.focolare.org\/es\/wp-json\/wp\/v2\/posts\/309254\/revisions"}],"wp:attachment":[{"href":"https:\/\/www.focolare.org\/es\/wp-json\/wp\/v2\/media?parent=309254"}],"wp:term":[{"taxonomy":"category","embeddable":true,"href":"https:\/\/www.focolare.org\/es\/wp-json\/wp\/v2\/categories?post=309254"},{"taxonomy":"post_tag","embeddable":true,"href":"https:\/\/www.focolare.org\/es\/wp-json\/wp\/v2\/tags?post=309254"}],"curies":[{"name":"wp","href":"https:\/\/api.w.org\/{rel}","templated":true}]}}