{"id":309302,"date":"2018-01-31T01:10:56","date_gmt":"2018-01-31T00:10:56","guid":{"rendered":"https:\/\/www.focolare.org\/fontem-un-camino-de-unidad\/"},"modified":"2024-05-15T20:46:09","modified_gmt":"2024-05-15T18:46:09","slug":"fontem-un-camino-de-unidad","status":"publish","type":"post","link":"https:\/\/www.focolare.org\/es\/fontem-un-camino-de-unidad\/","title":{"rendered":"Fontem: un camino de unidad"},"content":{"rendered":"<p><strong><a href=\"https:\/\/www.focolare.org\/focolare-worldwide\/africa\/camerun\/\"><img loading=\"lazy\" decoding=\"async\" class=\"alignleft wp-image-160669\" src=\"https:\/\/www.focolare.org\/wp-content\/uploads\/2018\/01\/20180131-01.jpg\" alt=\"20180131-01\" width=\"368\" height=\"245\" \/>Camer\u00fan<\/a>, en la regi\u00f3n ecuatorial de \u00c1frica occidental, se compone, despu\u00e9s de haber sufrido dos historias coloniales paralelas, de dos regiones<\/strong> que hablan respectivamente franc\u00e9s e ingl\u00e9s. Las diferencias no se limitan a la lengua, sino que incluyen tambi\u00e9n aspectos de la administraci\u00f3n p\u00fablica. Una escalada de violencia est\u00e1 amenazando al pa\u00eds, a los 23 millones de habitantes de un territorio de 475 mil quil\u00f3metros cuadrados. <strong>Rapha\u00ebl Takougang<\/strong>, abogado camerun\u00e9s, miembro de los Focolares, quien se encuentra en este momento en<a href=\"https:\/\/www.focolare.org\/focolare-worldwide\/europa\/italia\/\"> Italia<\/a>, explica: \u00abLa zona franc\u00f3fona se independiz\u00f3 el 1\u00ba de enero de 1960. La zona angl\u00f3fona realiz\u00f3 un refer\u00e9ndum, el 1\u00ba de octubre de 1961 para decidir si se un\u00edan a la vecina <a href=\"https:\/\/www.focolare.org\/focolare-worldwide\/africa\/nigeria\/\">Nigeria<\/a> (ya angl\u00f3fona) o permanec\u00edan unidos a Camer\u00fan.<strong> Naci\u00f3 as\u00ed una Rep\u00fablica Federal con dos Estados, <em>Camer\u00fan Oriental <\/em>y <\/strong><em><strong>Camer\u00fan Sure\u00f1o<\/strong>, <\/em>cada uno con sus propias instituciones (Parlamento, gobierno, sistema jur\u00eddico, etc.), y otras instituciones a nivel federal. <strong>El 20 de mayo de 1972 en otro refer\u00e9ndum naci\u00f3 la Rep\u00fablica Unida de Camer\u00fan<\/strong>. En 1984, una simple modificaci\u00f3n de la Constituci\u00f3n quit\u00f3 la palabra \u201cUnida\u201d y el pa\u00eds tom\u00f3 desde ese momento el nombre de Rep\u00fablica de Camer\u00fan. Desde 1972 en adelante el malestar de los angl\u00f3fonos, una fuerte minor\u00eda del pa\u00eds, aument\u00f3 cada vez m\u00e1s y tom\u00f3 el nombre de <em><strong>\u201canglophone problem\u201d<\/strong>\u00bb<\/em>  <strong><a href=\"https:\/\/www.focolare.org\/wp-content\/uploads\/2018\/01\/Fontemo_01.jpg\"><img loading=\"lazy\" decoding=\"async\" class=\"alignright wp-image-160679\" src=\"https:\/\/www.focolare.org\/wp-content\/uploads\/2018\/01\/Fontemo_01.jpg\" alt=\"Fontemo_01\" width=\"368\" height=\"245\" \/><\/a><\/strong>Desde el 2016 esta situaci\u00f3n de crisis en la parte angl\u00f3fona ha desencadenado una serie de huelgas, primero fueron los docentes, despu\u00e9s de los abogados.<strong> Los habitantes de la <a href=\"http:\/\/focolare-fontem.org\/\/\" target=\"_blank\" rel=\"noopener\">ciudadela de los Focolares de Fontem<\/a>, ubicada en el coraz\u00f3n la selva camerun\u00e9s explican:<\/strong> \u00abSi por un lado los obispos siempre alentaron al di\u00e1logo, el boicot de las instituciones dedicadas a la educaci\u00f3n y a la justicia provoc\u00f3 un vuelco inesperado a la crisis, que se vio agravada con una escalada de huelgas tambi\u00e9n del sector comercial y del transporte, seg\u00fan una estrategia definida como \u201cCiudad Muerta\u201d.  Al principio del a\u00f1o escolar, en el pasado mes de septiembre, ning\u00fan estudiante se present\u00f3. A pesar de la amenaza de tomar represalias contra los transgresores, aqu\u00ed y all\u00e1, valientemente, algunas escuelas abrieron sus puertas y otras est\u00e1n siguiendo su ejemplo. Tambi\u00e9n nuestro colegio de Fontem retom\u00f3 las actividades\u00bb.  <strong>La ciudadela naci\u00f3 del testimonio de amor concreto de algunos m\u00e9dicos, que llegaron en 1966, despu\u00e9s del llamado que el obispo local realiz\u00f3 a <a href=\"https:\/\/www.focolare.org\/chiara-lubich\/chi-e-chiara\/\">Chiara Lubich<\/a>,<\/strong> para que atendieran al<strong> pueblo Bangwa<\/strong>, afectado por una alt\u00edsima mortandad infantil que estaba causando su extinci\u00f3n. En breve tiempo, gracias a la contribuci\u00f3n de personas de todas partes del mundo, Fontem tuvo sus escuelas, un hospital y otras estructuras de servicio. Desde ese momento, el pueblo Bangwa y otros pueblos fronterizos se encaminaron por la v\u00eda de la fraternidad, visible ahora tambi\u00e9n en otras ciudadelas que nacieron en estos a\u00f1os en el continente africano. <strong>Con sus 80 mil habitantes, Fontem es un centro de encuentro y formaci\u00f3n<\/strong> para personas que llegan de todas partes de \u00c1frica y del mundo. Aqu\u00ed descubren que el intercambio y la colaboraci\u00f3n entre los hombres y mujeres de razas, culturas y tradiciones distintas puede dar frutos de fraternidad tambi\u00e9n en regiones martirizadas por conflictos.  <strong><a href=\"https:\/\/www.focolare.org\/wp-content\/uploads\/2018\/01\/20180131-02.jpg\"><img loading=\"lazy\" decoding=\"async\" class=\"alignleft wp-image-160680\" src=\"https:\/\/www.focolare.org\/wp-content\/uploads\/2018\/01\/20180131-02.jpg\" alt=\"20180131-02\" width=\"368\" height=\"245\" \/><\/a>\u00abEl Colegio de Fontem sufri\u00f3 un ataque \u2013 explican los habitantes- pero muchas personas del pueblo acudieron a ayudar a los estudiantes y a los docentes,<\/strong> aun poniendo en riesgo su vida. Al acercarse el 1\u00ba de octubre, fecha hist\u00f3rica para Camer\u00fan angl\u00f3fono, por la conmemoraci\u00f3n del refer\u00e9ndum citado, se tem\u00edan manifestaciones violentas, y la comunidad de los Focolares organiz\u00f3 una cadena de oraciones a la que adhirieron personas de otras regiones del pa\u00eds y del extranjero. Hasta el momento en Fontem nadie ha perdido la vida. Cada ocasi\u00f3n es propicia para cultivar relaciones con las varias autoridades civiles, tradicionales y eclesiales. Tratamos de ayudar a todos los que se acercan e ir m\u00e1s all\u00e1 del miedo, creando momentos de familia, comenzando por los que est\u00e1n m\u00e1s cerca, a menudo confundidos por muchos rumores y por los medios de comunicaci\u00f3n. Los j\u00f3venes han organizado \u201cnoches de talentos\u201d y el evento \u201cSports for peace\u201d para promover un esp\u00edritu positivo\u00bb. \u00abEn todo este per\u00edodo, a\u00fan en medio de dificultades \u2013 concluyen- la vida de la comunidad de los Focolares ha seguido adelante tambi\u00e9n aqu\u00ed. Nos auguramos que este desaf\u00edo de amor hacia todos nos d\u00e9 la capacidad de discernir y actuar por el bien de nuestro pa\u00eds\u00bb.  &nbsp;  &nbsp;<\/p>\n","protected":false},"excerpt":{"rendered":"<p>Desde el 2016 el pa\u00eds sufre una grave crisis socio-pol\u00edtica, especialmente en la zona angl\u00f3fona, donde se encuentra Fontem, la ciudadela de los Focolares. A pesar de las dificultades, el testimonio de la unidad es posible.<\/p>\n","protected":false},"author":34,"featured_media":0,"comment_status":"open","ping_status":"open","sticky":false,"template":"","format":"standard","meta":{"give_campaign_id":0,"_seopress_robots_primary_cat":"","_seopress_titles_title":"","_seopress_titles_desc":"","_seopress_robots_index":"","_et_pb_use_builder":"","_et_pb_old_content":"","_et_gb_content_width":"","footnotes":""},"categories":[904],"tags":[],"class_list":["post-309302","post","type-post","status-publish","format-standard","hentry","category-focolare-worldwide-2-2"],"_links":{"self":[{"href":"https:\/\/www.focolare.org\/es\/wp-json\/wp\/v2\/posts\/309302","targetHints":{"allow":["GET"]}}],"collection":[{"href":"https:\/\/www.focolare.org\/es\/wp-json\/wp\/v2\/posts"}],"about":[{"href":"https:\/\/www.focolare.org\/es\/wp-json\/wp\/v2\/types\/post"}],"author":[{"embeddable":true,"href":"https:\/\/www.focolare.org\/es\/wp-json\/wp\/v2\/users\/34"}],"replies":[{"embeddable":true,"href":"https:\/\/www.focolare.org\/es\/wp-json\/wp\/v2\/comments?post=309302"}],"version-history":[{"count":0,"href":"https:\/\/www.focolare.org\/es\/wp-json\/wp\/v2\/posts\/309302\/revisions"}],"wp:attachment":[{"href":"https:\/\/www.focolare.org\/es\/wp-json\/wp\/v2\/media?parent=309302"}],"wp:term":[{"taxonomy":"category","embeddable":true,"href":"https:\/\/www.focolare.org\/es\/wp-json\/wp\/v2\/categories?post=309302"},{"taxonomy":"post_tag","embeddable":true,"href":"https:\/\/www.focolare.org\/es\/wp-json\/wp\/v2\/tags?post=309302"}],"curies":[{"name":"wp","href":"https:\/\/api.w.org\/{rel}","templated":true}]}}