{"id":309354,"date":"2018-02-17T09:02:33","date_gmt":"2018-02-17T08:02:33","guid":{"rendered":"https:\/\/www.focolare.org\/embajadores-del-mundo-unido\/"},"modified":"2024-05-15T20:46:16","modified_gmt":"2024-05-15T18:46:16","slug":"embajadores-del-mundo-unido","status":"publish","type":"post","link":"https:\/\/www.focolare.org\/es\/embajadores-del-mundo-unido\/","title":{"rendered":"Embajadores del Mundo Unido"},"content":{"rendered":"<p><img loading=\"lazy\" decoding=\"async\" class=\"alignleft wp-image-161439\" src=\"https:\/\/www.focolare.org\/wp-content\/uploads\/2018\/02\/UWPContest.jpg\" alt=\"UWPContest\" width=\"300\" height=\"176\" \/><strong>Hay tiempo hasta el 1\u00ba de marzo, para participar en el concurso de dise\u00f1os<\/strong> <strong>#FraterniTALES, <\/strong>organizado por <a href=\"http:\/\/www.unitedworldproject.org\/it\/\">United World Project<\/a>, para convertirse en <strong>\u201cEmbajadores del mundo unido\u201d.<\/strong> Los Embajadores seleccionados colaborar\u00e1n con las <strong>Comisiones Nacionales de la UNESCO<\/strong>, presentando las buenas pr\u00e1cticas promovidas durante la <strong>Semana del Mundo Unido<\/strong> en sus respectivos pa\u00edses<strong>. \u00abAdem\u00e1s de transmitir acciones y proyectos de paz, los j\u00f3venes deber\u00e1n dar muestras de poseer una cierta destreza para descubrir hechos y decisiones a favor de la fraternidad\u00bb,<\/strong> explic\u00f3 Marco Desalvo, presidente de la ONG <a href=\"http:\/\/www.new-humanity.org\/it\/\">New Humanity<\/a> que promueve el concurso y el m\u00e1s amplio United Word Project junto con los <a href=\"http:\/\/y4uw.org\/it\/\">J\u00f3venes por un Mundo Unido<\/a> de los Focolares.  <strong>Pueden participar j\u00f3venes entre los 18 y los 24 a\u00f1os,<\/strong> con competencia, pasi\u00f3n e inter\u00e9s por temas como la fraternidad universal, ciudadan\u00eda global, desarrollo sustentable, educaci\u00f3n en Derechos Humanos, funcionamiento de las instituciones internacionales y liderazgo \u00e9tico. Todos los #FraterniTALES\u00a0 ser\u00e1n publicados en las p\u00e1ginas de Facebook e Instagram del Concurso. <strong>Los 30 candidatos m\u00e1s calificados se convertir\u00e1n en verdaderos y reales portavoces del United World Project en su pa\u00eds natal <\/strong>despu\u00e9s de un recorrido de formaci\u00f3n que consta de dos fases, de los cuales, la segunda fase ser\u00e1 en Manila, durante el <a href=\"https:\/\/www.focolare.org\/genfest-2018\/\">Genfest<\/a>.  Para informaci\u00f3n y env\u00edo de los proyectos elaborados (video o texto): <strong>United World Project <\/strong><a href=\"http:\/\/www.unitedworldproject.org\">http:\/\/www.unitedworldproject.org<\/a><\/p>\n","protected":false},"excerpt":{"rendered":"<p>Hay tiempo hasta el 1\u00ba de marzo, para participar en el concurso de dise\u00f1os #FraterniTALES, organizado por United World Project, para convertirse en \u201cEmbajadores del mundo unido\u201d. Los Embajadores seleccionados colaborar\u00e1n con las Comisiones Nacionales de la UNESCO, presentando las buenas pr\u00e1cticas promovidas durante la Semana del Mundo Unido en sus respectivos pa\u00edses. \u00abAdem\u00e1s de [&hellip;]<\/p>\n","protected":false},"author":34,"featured_media":0,"comment_status":"open","ping_status":"open","sticky":false,"template":"","format":"standard","meta":{"give_campaign_id":0,"_seopress_robots_primary_cat":"","_seopress_titles_title":"","_seopress_titles_desc":"","_seopress_robots_index":"","_et_pb_use_builder":"","_et_pb_old_content":"","_et_gb_content_width":"","footnotes":""},"categories":[46],"tags":[],"class_list":["post-309354","post","type-post","status-publish","format-standard","hentry","category-sin-categorizar"],"_links":{"self":[{"href":"https:\/\/www.focolare.org\/es\/wp-json\/wp\/v2\/posts\/309354","targetHints":{"allow":["GET"]}}],"collection":[{"href":"https:\/\/www.focolare.org\/es\/wp-json\/wp\/v2\/posts"}],"about":[{"href":"https:\/\/www.focolare.org\/es\/wp-json\/wp\/v2\/types\/post"}],"author":[{"embeddable":true,"href":"https:\/\/www.focolare.org\/es\/wp-json\/wp\/v2\/users\/34"}],"replies":[{"embeddable":true,"href":"https:\/\/www.focolare.org\/es\/wp-json\/wp\/v2\/comments?post=309354"}],"version-history":[{"count":0,"href":"https:\/\/www.focolare.org\/es\/wp-json\/wp\/v2\/posts\/309354\/revisions"}],"wp:attachment":[{"href":"https:\/\/www.focolare.org\/es\/wp-json\/wp\/v2\/media?parent=309354"}],"wp:term":[{"taxonomy":"category","embeddable":true,"href":"https:\/\/www.focolare.org\/es\/wp-json\/wp\/v2\/categories?post=309354"},{"taxonomy":"post_tag","embeddable":true,"href":"https:\/\/www.focolare.org\/es\/wp-json\/wp\/v2\/tags?post=309354"}],"curies":[{"name":"wp","href":"https:\/\/api.w.org\/{rel}","templated":true}]}}