{"id":309364,"date":"2018-02-21T01:10:02","date_gmt":"2018-02-21T00:10:02","guid":{"rendered":"https:\/\/www.focolare.org\/encuentro-mundial-de-las-familias-en-dublin\/"},"modified":"2024-05-15T20:46:18","modified_gmt":"2024-05-15T18:46:18","slug":"encuentro-mundial-de-las-familias-en-dublin","status":"publish","type":"post","link":"https:\/\/www.focolare.org\/es\/encuentro-mundial-de-las-familias-en-dublin\/","title":{"rendered":"Encuentro mundial de las familias en Dubl\u00edn"},"content":{"rendered":"<p><strong><a href=\"https:\/\/www.worldmeeting2018.ie\/en\/\"><img loading=\"lazy\" decoding=\"async\" class=\"alignleft wp-image-161496 size-full\" src=\"https:\/\/www.focolare.org\/wp-content\/uploads\/2018\/02\/WorldMeetingofFamilies1.png\" alt=\"WorldMeetingofFamilies\" width=\"283\" height=\"200\" \/><\/a><\/strong>Se encuentran online en el sitio del Dicasterio para los Laicos, la Familia y la Vida, en cinco lenguas (ingl\u00e9s, espa\u00f1ol, franc\u00e9s, italiano y portugu\u00e9s), las <strong>siete catequesis de preparaci\u00f3n al<a href=\"https:\/\/www.worldmeeting2018.ie\/es\" target=\"_blank\" rel=\"noopener\"> IX Encuentro mundial de las familias<\/a>, que tendr\u00e1 lugar en Dubl\u00edn del 21 al 26 de agosto de 2018<\/strong>. \u00abUn itinerario catequ\u00e9tico a la luz de lo que el <strong>Papa Francisco<\/strong> don\u00f3 a todo el mundo con la exhortaci\u00f3n apost\u00f3lica post-sinodal <strong><em>Amoris laetitia<\/em><\/strong><em>\u00bb<\/em>, como coment\u00f3 el <strong>Card. Kevin Farrell<\/strong>, Prefecto del Dicasterio.  <strong>Los temas son los siguientes:<\/strong> \u201cLas familias de hoy\u201d, \u201cLas familias a la luz de la Palabra de Dios\u201d, \u201cEl gran sue\u00f1o de Dios\u201d, \u201cEl gran sue\u00f1o para todos\u201d, \u201cLa cultura de la vida\u201d, \u201cLa cultura de la esperanza\u201d y \u201c La cultura de la alegr\u00eda\u201d. \u00abCada catequesis \u2013 explic\u00f3 el Card. Farrell- es introducida por algunas oraciones extra\u00eddas del Magisterio pontificio o de la tradici\u00f3n patr\u00edstica, y se concluyen con preguntas, despu\u00e9s de las cuales se prosigue con un momento de comuni\u00f3n que parte de la familia, primera Iglesia dom\u00e9stica, para luego abrirse a la comunidad cristiana\u00bb. Los textos van acompa\u00f1ados por una serie de fragmentos musicales interpretados por el conocido tenor italiano <strong>Andrea Bocelli<\/strong>, quien, en mayo del 2015, present\u00f3 en la Bas\u00edlica de la Sagrada Familia de Barcelona el primero de una serie de conciertos que despu\u00e9s repiti\u00f3 en el santuario de San Juan Pablo II en Cracovia y en la Bas\u00edlica de San Esteban en Budapest, dentro del \u00e1mbito del proyecto \u201cEl gran misterio. El Evangelio de la familia escuela de humanidad para nuestro tiempo\u201d. (<a href=\"http:\/\/www.laityfamilylife.va\/\">www.laityfamilylife.va\/<\/a>).  &nbsp;  &nbsp;  &nbsp;<\/p>\n","protected":false},"excerpt":{"rendered":"<p>Se encuentran online en el sitio del Dicasterio para los Laicos, la Familia y la Vida, en cinco lenguas (ingl\u00e9s, espa\u00f1ol, franc\u00e9s, italiano y portugu\u00e9s), las siete catequesis de preparaci\u00f3n al IX Encuentro mundial de las familias, que tendr\u00e1 lugar en Dubl\u00edn del 21 al 26 de agosto de 2018. \u00abUn itinerario catequ\u00e9tico a la [&hellip;]<\/p>\n","protected":false},"author":34,"featured_media":0,"comment_status":"open","ping_status":"open","sticky":false,"template":"","format":"standard","meta":{"give_campaign_id":0,"_seopress_robots_primary_cat":"","_seopress_titles_title":"","_seopress_titles_desc":"","_seopress_robots_index":"","_et_pb_use_builder":"","_et_pb_old_content":"","_et_gb_content_width":"","footnotes":""},"categories":[904],"tags":[],"class_list":["post-309364","post","type-post","status-publish","format-standard","hentry","category-focolare-worldwide-2-2"],"_links":{"self":[{"href":"https:\/\/www.focolare.org\/es\/wp-json\/wp\/v2\/posts\/309364","targetHints":{"allow":["GET"]}}],"collection":[{"href":"https:\/\/www.focolare.org\/es\/wp-json\/wp\/v2\/posts"}],"about":[{"href":"https:\/\/www.focolare.org\/es\/wp-json\/wp\/v2\/types\/post"}],"author":[{"embeddable":true,"href":"https:\/\/www.focolare.org\/es\/wp-json\/wp\/v2\/users\/34"}],"replies":[{"embeddable":true,"href":"https:\/\/www.focolare.org\/es\/wp-json\/wp\/v2\/comments?post=309364"}],"version-history":[{"count":0,"href":"https:\/\/www.focolare.org\/es\/wp-json\/wp\/v2\/posts\/309364\/revisions"}],"wp:attachment":[{"href":"https:\/\/www.focolare.org\/es\/wp-json\/wp\/v2\/media?parent=309364"}],"wp:term":[{"taxonomy":"category","embeddable":true,"href":"https:\/\/www.focolare.org\/es\/wp-json\/wp\/v2\/categories?post=309364"},{"taxonomy":"post_tag","embeddable":true,"href":"https:\/\/www.focolare.org\/es\/wp-json\/wp\/v2\/tags?post=309364"}],"curies":[{"name":"wp","href":"https:\/\/api.w.org\/{rel}","templated":true}]}}