{"id":309376,"date":"2018-02-24T01:10:36","date_gmt":"2018-02-24T00:10:36","guid":{"rendered":"https:\/\/www.focolare.org\/chiara-lubich-imitar-a-maria\/"},"modified":"2024-05-15T20:46:19","modified_gmt":"2024-05-15T18:46:19","slug":"chiara-lubich-imitar-a-maria","status":"publish","type":"post","link":"https:\/\/www.focolare.org\/es\/chiara-lubich-imitar-a-maria\/","title":{"rendered":"Chiara Lubich: imitar a Mar\u00eda"},"content":{"rendered":"<p><div id=\"attachment_161700\" style=\"width: 330px\" class=\"wp-caption alignright\"><a href=\"https:\/\/www.focolare.org\/wp-content\/uploads\/2018\/02\/07.921-Madonna-della-Accoglienza_\u00a9-Centro-Ave-Ceramica.jpg\"><img loading=\"lazy\" decoding=\"async\" aria-describedby=\"caption-attachment-161700\" class=\"wp-image-161700\" src=\"https:\/\/www.focolare.org\/wp-content\/uploads\/2018\/02\/07.921-Madonna-della-Accoglienza_\u00a9-Centro-Ave-Ceramica.jpg\" alt=\"07.921-Madonna-della-Accoglienza_\u00a9 Centro Ave Ceramica\" width=\"320\" height=\"426\" \/><\/a><p id=\"caption-attachment-161700\" class=\"wp-caption-text\">\u00abMadonna della bella-accoglienza\u00bb \u00a9 Centro Ave Ceramica<\/p><\/div>  \u00abEn un a\u00f1o dedicado a Mar\u00eda tendr\u00edamos que encontrar la manera de honrar a la Madre de Dios, y hacerlo del mejor modo posible. No todos los modos de honrarla son iguales. Podemos hacerlo hablando de Ella, alab\u00e1ndola, rez\u00e1ndole, visit\u00e1ndola en las iglesias dedicadas a Ella; pint\u00e1ndola, esculpi\u00e9ndola, cant\u00e1ndole himnos, adornando sus im\u00e1genes con flores\u2026 Hay muchas maneras de honrar a Mar\u00eda.  Pero existe una que supera a todas las dem\u00e1s: es imitarla, comport\u00e1ndonos como si fu\u00e9ramos otra Ella en la Tierra. Creo que \u00e9sta es la manera que m\u00e1s le agrada, porque le da la posibilidad de volver, en cierta forma, a la Tierra. Nosotros, sin excluir todas las dem\u00e1s posibilidades que tenemos de honrar a Mar\u00eda, tenemos que practicar \u00e9sta. Imitarla.  Pero \u00bfc\u00f3mo imitarla? \u00bfQu\u00e9 imitar de Ella? Imitarla en lo que es esencial. Ella es Madre, madre de Jes\u00fas y espiritualmente madre nuestra: Jes\u00fas nos la dio como tal en la cruz, en la persona de Juan. Tenemos que ser otra Mar\u00eda, en su ser madre. Debemos, pr\u00e1cticamente, formular este prop\u00f3sito: durante el A\u00f1o Mariano me comportar\u00e9 con todos los pr\u00f3jimos que trate, o por los que trabaje, como si fuese su madre. Haciendo esto, se realizar\u00e1 en nosotros una conversi\u00f3n, una revoluci\u00f3n. Y no s\u00f3lo porque a veces haremos de madre quiz\u00e1s con nuestra madre o con nuestro padre, sino porque asumiremos una actitud particular, espec\u00edfica. Una madre acoge siempre, ayuda siempre, espera siempre, lo cubre todo. Una madre perdona cualquier cosa a su hijo, aunque fuese un delincuente, un terrorista. De hecho, el amor de una madre es muy parecido a la caridad de Cristo de la que habla Pablo. Si nosotros tenemos el coraz\u00f3n de una madre o, para ser m\u00e1s exactos, si nos proponemos tener el coraz\u00f3n de la Madre por excelencia: Mar\u00eda, estaremos siempre dispuestos a amar a los dem\u00e1s en todas las circunstancias y, por tanto, a mantener vivo en nosotros al Resucitado. Pero tambi\u00e9n pondremos de nuestra parte todo lo que se nos exija para mantener presente a Jes\u00fas, el Resucitado, en medio de nosotros.  Si tenemos el coraz\u00f3n de esta Madre, amaremos a todos y no s\u00f3lo a los miembros de nuestra Iglesia, sino tambi\u00e9n a los de las dem\u00e1s; no s\u00f3lo a los cristianos, sino tambi\u00e9n a los musulmanes, a los budistas, a los hind\u00faes, etc.; tambi\u00e9n a los hombres de buena voluntad y a todo hombre que habita en la Tierra. S\u00ed, porque la maternidad de Mar\u00eda es universal (Cf. LG 79), como lo fue la Redenci\u00f3n. Aunque a veces Ella no sea correspondida, ama siempre, ama a todos. \u00c9ste es, pues, nuestro prop\u00f3sito: vivir como Mar\u00eda, como si fu\u00e9semos madres de todos los hombres\u00bb.  De CHIARA LUBICH \u2013 Buscando las cosas de arriba \u2013 Ciudad Nueva 1993 p\u00e1gs. 43-45<\/p>\n","protected":false},"excerpt":{"rendered":"<p>La propuesta siempre actual de la fundadora de los Focolares, con motivo del a\u00f1o Mariano de la Iglesia cat\u00f3lica en 1987.<\/p>\n","protected":false},"author":34,"featured_media":0,"comment_status":"open","ping_status":"open","sticky":false,"template":"","format":"standard","meta":{"give_campaign_id":0,"_seopress_robots_primary_cat":"","_seopress_titles_title":"","_seopress_titles_desc":"","_seopress_robots_index":"","_et_pb_use_builder":"","_et_pb_old_content":"","_et_gb_content_width":"","footnotes":""},"categories":[46],"tags":[],"class_list":["post-309376","post","type-post","status-publish","format-standard","hentry","category-sin-categorizar"],"_links":{"self":[{"href":"https:\/\/www.focolare.org\/es\/wp-json\/wp\/v2\/posts\/309376","targetHints":{"allow":["GET"]}}],"collection":[{"href":"https:\/\/www.focolare.org\/es\/wp-json\/wp\/v2\/posts"}],"about":[{"href":"https:\/\/www.focolare.org\/es\/wp-json\/wp\/v2\/types\/post"}],"author":[{"embeddable":true,"href":"https:\/\/www.focolare.org\/es\/wp-json\/wp\/v2\/users\/34"}],"replies":[{"embeddable":true,"href":"https:\/\/www.focolare.org\/es\/wp-json\/wp\/v2\/comments?post=309376"}],"version-history":[{"count":0,"href":"https:\/\/www.focolare.org\/es\/wp-json\/wp\/v2\/posts\/309376\/revisions"}],"wp:attachment":[{"href":"https:\/\/www.focolare.org\/es\/wp-json\/wp\/v2\/media?parent=309376"}],"wp:term":[{"taxonomy":"category","embeddable":true,"href":"https:\/\/www.focolare.org\/es\/wp-json\/wp\/v2\/categories?post=309376"},{"taxonomy":"post_tag","embeddable":true,"href":"https:\/\/www.focolare.org\/es\/wp-json\/wp\/v2\/tags?post=309376"}],"curies":[{"name":"wp","href":"https:\/\/api.w.org\/{rel}","templated":true}]}}