{"id":309378,"date":"2018-02-25T01:10:57","date_gmt":"2018-02-25T00:10:57","guid":{"rendered":"https:\/\/www.focolare.org\/seiscientos-anos-de-la-virgen-de-africa\/"},"modified":"2024-05-15T20:46:21","modified_gmt":"2024-05-15T18:46:21","slug":"seiscientos-anos-de-la-virgen-de-africa","status":"publish","type":"post","link":"https:\/\/www.focolare.org\/es\/seiscientos-anos-de-la-virgen-de-africa\/","title":{"rendered":"Seiscientos a\u00f1os de la Virgen de \u00c1frica"},"content":{"rendered":"<p><strong><img loading=\"lazy\" decoding=\"async\" class=\"alignleft wp-image-161715\" src=\"https:\/\/www.focolare.org\/wp-content\/uploads\/2018\/02\/vergine_africa_600anni.jpg\" alt=\"vergine_africa_600anni\" width=\"300\" height=\"225\" \/>Con salida al Mediterr\u00e1neo, al sureste del Estrecho de Gibraltar \u2013puente entre dos continentes y antiguo \u201cfin del mundo\u201d-, surge la ciudad de Ceuta<\/strong> en tierra africana. Por su posici\u00f3n estrat\u00e9gica en un \u00e1rea privilegiada de la costa,la ciudad desde hace d\u00e9cadas ha sido identificada por los migrantes como posible puerta de acceso a Europa.Todos los d\u00edas, hombres, mujeres y ni\u00f1os provenientes de los m\u00e1s distintos pa\u00edses africanos, huyendo de las guerras, la pobreza y persecuciones de todo tipo, atraviesan naciones enteras para intentar cruzar el umbral cercado, hacia la pr\u00f3xima ciudad, en lugar de la otra ruta, todav\u00eda m\u00e1s peligrosa, que es el viaje por mar. Precisamente en esta punta, que desde 1851 forma parte de la Di\u00f3cesis de C\u00e1diz (Espa\u00f1a), est\u00e1n en preparaci\u00f3n los <strong>grandes festejos por los 600 a\u00f1os de la llegada de la que hoy d\u00eda es conocida como \u201cVirgen de \u00c1frica\u201d, un bloque \u00fanico de madera que representa a la Virgen sentada con el Cristo muerto entre los brazos<\/strong>. Desde 1949, por voluntad del Papa Pio XII, la Virgen es la patrona de la ciudad.<\/p>\n","protected":false},"excerpt":{"rendered":"<p>Con salida al Mediterr\u00e1neo, al sureste del Estrecho de Gibraltar \u2013puente entre dos continentes y antiguo \u201cfin del mundo\u201d-, surge la ciudad de Ceuta en tierra africana. Por su posici\u00f3n estrat\u00e9gica en un \u00e1rea privilegiada de la costa,la ciudad desde hace d\u00e9cadas ha sido identificada por los migrantes como posible puerta de acceso a Europa.Todos [&hellip;]<\/p>\n","protected":false},"author":34,"featured_media":0,"comment_status":"open","ping_status":"open","sticky":false,"template":"","format":"standard","meta":{"give_campaign_id":0,"_seopress_robots_primary_cat":"","_seopress_titles_title":"","_seopress_titles_desc":"","_seopress_robots_index":"","_et_pb_use_builder":"","_et_pb_old_content":"","_et_gb_content_width":"","footnotes":""},"categories":[46],"tags":[],"class_list":["post-309378","post","type-post","status-publish","format-standard","hentry","category-sin-categorizar"],"_links":{"self":[{"href":"https:\/\/www.focolare.org\/es\/wp-json\/wp\/v2\/posts\/309378","targetHints":{"allow":["GET"]}}],"collection":[{"href":"https:\/\/www.focolare.org\/es\/wp-json\/wp\/v2\/posts"}],"about":[{"href":"https:\/\/www.focolare.org\/es\/wp-json\/wp\/v2\/types\/post"}],"author":[{"embeddable":true,"href":"https:\/\/www.focolare.org\/es\/wp-json\/wp\/v2\/users\/34"}],"replies":[{"embeddable":true,"href":"https:\/\/www.focolare.org\/es\/wp-json\/wp\/v2\/comments?post=309378"}],"version-history":[{"count":0,"href":"https:\/\/www.focolare.org\/es\/wp-json\/wp\/v2\/posts\/309378\/revisions"}],"wp:attachment":[{"href":"https:\/\/www.focolare.org\/es\/wp-json\/wp\/v2\/media?parent=309378"}],"wp:term":[{"taxonomy":"category","embeddable":true,"href":"https:\/\/www.focolare.org\/es\/wp-json\/wp\/v2\/categories?post=309378"},{"taxonomy":"post_tag","embeddable":true,"href":"https:\/\/www.focolare.org\/es\/wp-json\/wp\/v2\/tags?post=309378"}],"curies":[{"name":"wp","href":"https:\/\/api.w.org\/{rel}","templated":true}]}}