{"id":309408,"date":"2018-03-05T16:26:00","date_gmt":"2018-03-05T15:26:00","guid":{"rendered":"https:\/\/www.focolare.org\/social-one-por-una-sociedad-abierta-al-dialogo\/"},"modified":"2024-05-15T20:46:25","modified_gmt":"2024-05-15T18:46:25","slug":"social-one-por-una-sociedad-abierta-al-dialogo","status":"publish","type":"post","link":"https:\/\/www.focolare.org\/es\/social-one-por-una-sociedad-abierta-al-dialogo\/","title":{"rendered":"Social-One: Por una sociedad abierta al di\u00e1logo."},"content":{"rendered":"<p>\u201c<em>Sociological Imagination and social promotion: the category of \u201cLove\u201d to read the changes taking place and imagine new future\u201d <\/em><strong>(\u201cImaginaci\u00f3n sociol\u00f3gica y promoci\u00f3n social: la categor\u00eda del amor para hacer una lectura de los cambios en curso e imaginar nuevos futuros\u201d) <\/strong><span class=\"tlid-translation translation\"><span class=\"\" title=\"\">es el t\u00edtulo del <a href=\"https:\/\/www.focolare.org\/wp-content\/uploads\/2018\/03\/20180302_Evento-Convegno-Social-One-locandina_it.docx\" target=\"_blank\" rel=\"noopener\">Congreso<\/a>.<\/span><\/span><strong> <\/strong>  <strong>Es promovido<\/strong> por el Departamento de Ciencias Pol\u00edticas y Sociales de la Universidad de Estudios de Salerno y el <em>research network Social-One<\/em>, con el patrocinio de la Secci\u00f3n de Teor\u00edas Sociol\u00f3gicas y Transformaciones Sociales de la Asociaci\u00f3n Italiana de Sociolog\u00eda (AIS) y en colaboraci\u00f3n con Universidades de Recife (Brasil), Buenos Aires (Argentina), Roma y Trieste (Italia) y el Instituto Universitario Sophia (IUS) de Loppiano (Italia).  <strong>El objetivo del encuentro<\/strong> es sondear todas las perspectivas de an\u00e1lisis y de acci\u00f3n suscitadas por la categor\u00eda de la \u201cacci\u00f3n ag\u00e1pica\u201d en el \u00e1mbito de las disciplinas sociales y humanas, en la hip\u00f3tesis de que dicho concepto pueda ofrecer nuevas claves de lectura y perspectivas de intervenci\u00f3n para la promoci\u00f3n de una sociedad plural basada en la equidad, la inclusi\u00f3n y el di\u00e1logo. En los varios paneles se presentar\u00e1n los aportes y testimonios que conjugan teor\u00eda, investigaci\u00f3n y acci\u00f3n.  <strong>P<span class=\"tlid-translation translation\"><span class=\"\" title=\"\">ara informaci\u00f3n<\/span><\/span>:<\/strong> <a href=\"http:\/\/www.social-one.org\/it\/\" target=\"_blank\" rel=\"noopener\">Social-One online<\/a>  <a href=\"https:\/\/www.focolare.org\/wp-content\/uploads\/2018\/03\/20180302_Evento-Convegno-Social-One-locandina_it.docx\" target=\"_blank\" rel=\"noopener\"><span class=\"tlid-translation translation\"><span class=\"\" title=\"\">Invitaci\u00f3n<\/span><\/span><\/a>  &nbsp;<\/p>\n","protected":false},"excerpt":{"rendered":"<p>El Congreso tendr\u00e1 lugar en la Universidad de Salerno (Fisciano, Italia).<\/p>\n","protected":false},"author":34,"featured_media":0,"comment_status":"open","ping_status":"open","sticky":false,"template":"","format":"standard","meta":{"give_campaign_id":0,"_seopress_robots_primary_cat":"","_seopress_titles_title":"","_seopress_titles_desc":"","_seopress_robots_index":"","_et_pb_use_builder":"","_et_pb_old_content":"","_et_gb_content_width":"","footnotes":""},"categories":[46],"tags":[],"class_list":["post-309408","post","type-post","status-publish","format-standard","hentry","category-sin-categorizar"],"_links":{"self":[{"href":"https:\/\/www.focolare.org\/es\/wp-json\/wp\/v2\/posts\/309408","targetHints":{"allow":["GET"]}}],"collection":[{"href":"https:\/\/www.focolare.org\/es\/wp-json\/wp\/v2\/posts"}],"about":[{"href":"https:\/\/www.focolare.org\/es\/wp-json\/wp\/v2\/types\/post"}],"author":[{"embeddable":true,"href":"https:\/\/www.focolare.org\/es\/wp-json\/wp\/v2\/users\/34"}],"replies":[{"embeddable":true,"href":"https:\/\/www.focolare.org\/es\/wp-json\/wp\/v2\/comments?post=309408"}],"version-history":[{"count":0,"href":"https:\/\/www.focolare.org\/es\/wp-json\/wp\/v2\/posts\/309408\/revisions"}],"wp:attachment":[{"href":"https:\/\/www.focolare.org\/es\/wp-json\/wp\/v2\/media?parent=309408"}],"wp:term":[{"taxonomy":"category","embeddable":true,"href":"https:\/\/www.focolare.org\/es\/wp-json\/wp\/v2\/categories?post=309408"},{"taxonomy":"post_tag","embeddable":true,"href":"https:\/\/www.focolare.org\/es\/wp-json\/wp\/v2\/tags?post=309408"}],"curies":[{"name":"wp","href":"https:\/\/api.w.org\/{rel}","templated":true}]}}