{"id":309416,"date":"2018-03-09T01:10:31","date_gmt":"2018-03-09T00:10:31","guid":{"rendered":"https:\/\/www.focolare.org\/inicia-curso-catedra-ecumenica-en-sophia\/"},"modified":"2024-05-15T20:46:26","modified_gmt":"2024-05-15T18:46:26","slug":"inicia-curso-catedra-ecumenica-en-sophia","status":"publish","type":"post","link":"https:\/\/www.focolare.org\/es\/inicia-curso-catedra-ecumenica-en-sophia\/","title":{"rendered":"Inicia curso C\u00e1tedra Ecum\u00e9nica en Sophia"},"content":{"rendered":"<p><strong><a href=\"https:\/\/www.focolare.org\/wp-content\/uploads\/2018\/03\/Sophia.jpg\"><img loading=\"lazy\" decoding=\"async\" class=\"alignleft wp-image-162338\" src=\"https:\/\/www.focolare.org\/wp-content\/uploads\/2018\/03\/Sophia.jpg\" alt=\"Sophia\" width=\"250\" height=\"354\" \/><\/a>Despu\u00e9s de la solemne inauguraci\u00f3n de la C\u00e1tedra Ecum\u00e9nica Internacional Patriarca Aten\u00e1goras-Chiara Lubich<\/strong> el pasado 14 de diciembre en el <a href=\"http:\/\/www.sophiauniversity.org\/en\/\" target=\"_blank\" rel=\"noopener\">Instituto Universitario Sophia <\/a>de Loppiano, con los mensajes de buenos deseos y est\u00edmulo del <a href=\"https:\/\/www.focolare.org\/press\/sp\/news\/2017\/12\/13\/il-14-dicembre-2017-inaugurazione-della-cattedra-ecumenica-internazionale-patriarca-athenagoras-chiara-lubich-allistituto-universitario-sophia-di-loppiano\/\">papa Francisco y del Patriarca Ecum\u00e9nico Bartolom\u00e9 I<\/a>, los trabajos inician con una serie de lecciones <strong>del 5 al 27 de marzo sobre \u00abLa eclesiolog\u00eda de la Iglesia Ortodoxa\u00bb.<\/strong> Son co titulares <strong>S.E. Maximos Vgenopoulos<\/strong>, Metropolitano de Selyvria, y el <strong>prof. Piero Coda.<\/strong>  <strong>La C\u00e1tedra, un unicum en el panorama acad\u00e9mico y cultural internacional,<\/strong> ve la luz a 50 a\u00f1os del primer encuentro entre el Patriarca Aten\u00e1goras I y Chiara Lubich. Quiere revisitar y actualizar el legado de aquel encuentro, de acuerdo con lo que el Patriarca le dijo a Chiara: \u00ab \u00a1Es una gran cosa conocerse; hemos vivido aislado, sin tener hermanos, sin tener hermanas, durante muchos siglos, como hu\u00e9rfanos! Los primeros diez siglos de cristianismo fueron para los dogmas y para la organizaci\u00f3n de la Iglesia. En los siguientes diez siglos hemos tenido cismas, divisi\u00f3n. La tercera \u00e9poca, \u00e9sta, es la del amor\u00bb.  <strong>En el saludo de apertura pronunciado el 5 de marzo, Piero Coda, decano de Sophia,<\/strong> refiri\u00e9ndose a la metodolog\u00eda espec\u00edfica del camino de estudio y de vida del Instituto, basada en el compromiso de vivir el amor rec\u00edproco seg\u00fan el mandamiento nuevo de Jes\u00fas, dijo: \u00abQueremos prepararnos con competencia y estupor para ser servidores y testigos de un ecumenismo que brota del amor de la Sant\u00edsima Trinidad, el principio, la forma y el objetivo de toda unidad en la riqueza y belleza de la diversidad. Solo de esta manera podemos recibir rec\u00edprocamente los dones que los unos ofrecen a los otros, recogiendo los inestimables tesoros de gracia custodiados por las Tradiciones de nuestras Iglesias. Solo de esta manera podemos colmar las distancias que a\u00fan nos separan con el amor. Solo de esta manera podemos enriquecernos mutuamente. Solo de esta manera podemos alcanzar, con la gracia de Dios, la plena y visible unidad\u00bb.  <strong>En el contexto de la crisis de los equilibrios pol\u00edticos, sociales y religiosos en el Cercano y Medio Oriente<\/strong> y entre las dos orillas del Mediterr\u00e1neo, la instituci\u00f3n de la C\u00e1tedra adquiere una importancia cultural y social a nivel internacional, proponiendo la activaci\u00f3n de laboratorios de estudio y de investigaci\u00f3n para las nuevas generaciones. <strong>Sus objetivos espec\u00edficos son estudiar la significaci\u00f3n cultural,<\/strong> revisar las etapas hist\u00f3ricas y ahondar en las implicaciones existenciales y sociales del camino ecum\u00e9nico hacia la plena unidad de las Iglesias, en el intercambio de riquezas espirituales, teol\u00f3gicas y culturales del Oriente y del Occidente cristianos. Adem\u00e1s, ofrecer un lugar e itinerarios de formaci\u00f3n acad\u00e9micamente calificados para aquellos que deseen prepararse para ofrecer su propia contribuci\u00f3n de pensamiento, di\u00e1logo y vida a la promoci\u00f3n de la unidad entre la Iglesia Ortodoxa y la Iglesia cat\u00f3lica al servicio del encuentro entre los pueblos y las culturas.<\/p>\n","protected":false},"excerpt":{"rendered":"<p>Del 5 al 27 de marzo de 2018 primer ciclo de lecciones sobre \u201cLa eclesiolog\u00eda de la Iglesia Ortodoxa\u201d. El 7 de marzo, lecci\u00f3n p\u00fablica sobre \u201cEl Santo S\u00ednodo Pan-ortodoxo de Creta (2016), g\u00e9nesis y significado\u201d.<\/p>\n","protected":false},"author":34,"featured_media":0,"comment_status":"open","ping_status":"open","sticky":false,"template":"","format":"standard","meta":{"give_campaign_id":0,"_seopress_robots_primary_cat":"","_seopress_titles_title":"","_seopress_titles_desc":"","_seopress_robots_index":"","_et_pb_use_builder":"","_et_pb_old_content":"","_et_gb_content_width":"","footnotes":""},"categories":[46],"tags":[],"class_list":["post-309416","post","type-post","status-publish","format-standard","hentry","category-sin-categorizar"],"_links":{"self":[{"href":"https:\/\/www.focolare.org\/es\/wp-json\/wp\/v2\/posts\/309416","targetHints":{"allow":["GET"]}}],"collection":[{"href":"https:\/\/www.focolare.org\/es\/wp-json\/wp\/v2\/posts"}],"about":[{"href":"https:\/\/www.focolare.org\/es\/wp-json\/wp\/v2\/types\/post"}],"author":[{"embeddable":true,"href":"https:\/\/www.focolare.org\/es\/wp-json\/wp\/v2\/users\/34"}],"replies":[{"embeddable":true,"href":"https:\/\/www.focolare.org\/es\/wp-json\/wp\/v2\/comments?post=309416"}],"version-history":[{"count":0,"href":"https:\/\/www.focolare.org\/es\/wp-json\/wp\/v2\/posts\/309416\/revisions"}],"wp:attachment":[{"href":"https:\/\/www.focolare.org\/es\/wp-json\/wp\/v2\/media?parent=309416"}],"wp:term":[{"taxonomy":"category","embeddable":true,"href":"https:\/\/www.focolare.org\/es\/wp-json\/wp\/v2\/categories?post=309416"},{"taxonomy":"post_tag","embeddable":true,"href":"https:\/\/www.focolare.org\/es\/wp-json\/wp\/v2\/tags?post=309416"}],"curies":[{"name":"wp","href":"https:\/\/api.w.org\/{rel}","templated":true}]}}