{"id":309456,"date":"2018-03-22T01:10:04","date_gmt":"2018-03-22T00:10:04","guid":{"rendered":"https:\/\/www.focolare.org\/desde-aleppo-nace-la-esperanza\/"},"modified":"2024-05-15T20:46:32","modified_gmt":"2024-05-15T18:46:32","slug":"desde-aleppo-nace-la-esperanza","status":"publish","type":"post","link":"https:\/\/www.focolare.org\/es\/desde-aleppo-nace-la-esperanza\/","title":{"rendered":"Desde Aleppo nace la esperanza"},"content":{"rendered":"<p><strong><a href=\"https:\/\/www.focolare.org\/wp-content\/uploads\/2018\/03\/20180322-01b.jpg\"><img loading=\"lazy\" decoding=\"async\" class=\"alignright wp-image-162850\" src=\"https:\/\/www.focolare.org\/wp-content\/uploads\/2018\/03\/20180322-01b.jpg\" alt=\"20180322-01b\" width=\"386\" height=\"217\" \/><\/a>La historia de Jean y Vivian transmite amor, coraje, esperanza<\/strong>. Se conocieron en Aleppo, en Siria, en el 2000, en encuentros del Movimiento de los Focolares. Vivian es viuda y tiene un hijo de cuatro a\u00f1os con sordera aguda. Jean es carpintero, con actividades en el \u00e1rea social. El compromiso de ambos de vivir el Evangelio y llevar el ideal del mundo unido a la humanidad los aproxima: se casaron en el 2003 y tuvieron cuatro hijos.  <strong>Marc, el primer hijo de Vivian, es el motor del cual nace su aventura:<\/strong> la necesidad de los cuidados de m\u00e9dicos especialistas impulsa a Vivian a trasladarse a L\u00edbano donde Marc es atendido en un centro fundado por los Focolares: \u201cEs un verdadero para\u00edso anticipado- cuenta-. <a href=\"https:\/\/www.focolare.org\/es\/chiara-lubich\/spiritualita-dellunita\/la-parola\/\">La vida del Evangelio <\/a>vivido en la vida cotidiana acompa\u00f1a todo el proceso educativo. <strong>Los ni\u00f1os crecen en este oasis de paz, y desarrollan sus talentos superando su discapacidad.<\/strong> Naci\u00f3 dentro m\u00edo un sue\u00f1o: que yo tambi\u00e9n pudiera fundar un instituto similar en mi ciudad Aleppo\u201d.  Jean la apoya en este proyecto y en 2005 naci\u00f3 su peque\u00f1o Centro.<strong> Despu\u00e9s surgir\u00e1n otros Centros m\u00e1s grandes, con capacidad de recibir a decenas de ni\u00f1os, todos hijos de familias pobres que no pod\u00edan pagar la cuota<\/strong>. Por esta raz\u00f3n el Centro estaba siempre en d\u00e9ficit: \u201cPara cada necesidad- recuerda Jean- \u00edbamos delante de un Crucifijo para entregarle a \u00c9l nuestras dificultades econ\u00f3micas. La providencia llegaba puntualmente\u201d  <strong><img loading=\"lazy\" decoding=\"async\" class=\"wp-image-162846 alignleft\" src=\"https:\/\/www.focolare.org\/wp-content\/uploads\/2018\/03\/1395739130-720x0-c-default.jpg\" alt=\"1395739130-720x0-c-default\" width=\"328\" height=\"245\" \/><\/strong>El estallido de la guerra, en 2011, trajo muerte y destrucci\u00f3n. Jean perdi\u00f3 la carpinter\u00eda, el Centro no ten\u00eda ning\u00fan ingreso econ\u00f3mico, y siendo muchos viv\u00edan s\u00f3lo de la ayuda de la Iglesia y de organizaciones humanitarias.<strong> Todos dejaron el pa\u00eds y tambi\u00e9n lo quer\u00edan hacen Jean y Vivian, quienes con mucha tristeza adquirieron los boletos para irse. Pero una exigencia era clara en el coraz\u00f3n: no pod\u00edan abandonar a \u201csus\u201d ni\u00f1os sordos,<\/strong> destruir ese sue\u00f1o realizado con esfuerzo. \u201cEl d\u00eda antes del viaje entr\u00e9 en la iglesia- cuenta Jean- y mantuve una conversaci\u00f3n profunda con Jes\u00fas, de t\u00fa a tu, de hombre a hombre. \u00c9l me habl\u00f3 al coraz\u00f3n y me ped\u00eda que no dejara Siria: \u00bfqu\u00e9 har\u00e1n esos ni\u00f1os? Sent\u00ed que \u00c9l me hac\u00eda esta tr\u00e1gica pregunta.  <strong>Puse mis ni\u00f1os en Sus manos. Volv\u00ed a casa, y con Vivian decidimos romper los pasajes y quedarnos para siempre en nuestra ciudad, para ser un don para aqu\u00e9llos que ten\u00edan necesidad de nosotros<\/strong>\u201d. \u201cEst\u00e1bamos confiados en que Dios nos habr\u00eda acompa\u00f1ado y apoyado en todos nuestros futuros proyectos y sobre todo en la vida de nuestra familia \u2013 dice Vivian- y as\u00ed fue\u201d  <strong>Hoy el Centro se convirti\u00f3 en su segunda casa,<\/strong> tambi\u00e9n sus hijos participan en la vida del grupo y Jean se dedica completamente al trabajo del Centro. \u201cEsta convivencia nos ampli\u00f3 el coraz\u00f3n. No existe m\u00e1s la diferencia entre chico o chica, ni entre el estudiante y el docente, no son ni siquiera discapacitados para nosotros, ni musulmanes ni cristianos. <strong>Todos vivimos en el \u00fanico amor y bajo la mirada de un Dios Amor, encarnado, vivo en medio nuestro\u201d.<\/strong>  <em>Escrito por Claudia Di Lorenzi<\/em><\/p>\n","protected":false},"excerpt":{"rendered":"<p>El testimonio de Jean y Vivian, sirios, que fundaron un Centro educativo para ni\u00f1os con discapacidades.<\/p>\n","protected":false},"author":34,"featured_media":0,"comment_status":"open","ping_status":"open","sticky":false,"template":"","format":"standard","meta":{"give_campaign_id":0,"_seopress_robots_primary_cat":"","_seopress_titles_title":"","_seopress_titles_desc":"","_seopress_robots_index":"","_et_pb_use_builder":"","_et_pb_old_content":"","_et_gb_content_width":"","footnotes":""},"categories":[904],"tags":[],"class_list":["post-309456","post","type-post","status-publish","format-standard","hentry","category-focolare-worldwide-2-2"],"_links":{"self":[{"href":"https:\/\/www.focolare.org\/es\/wp-json\/wp\/v2\/posts\/309456","targetHints":{"allow":["GET"]}}],"collection":[{"href":"https:\/\/www.focolare.org\/es\/wp-json\/wp\/v2\/posts"}],"about":[{"href":"https:\/\/www.focolare.org\/es\/wp-json\/wp\/v2\/types\/post"}],"author":[{"embeddable":true,"href":"https:\/\/www.focolare.org\/es\/wp-json\/wp\/v2\/users\/34"}],"replies":[{"embeddable":true,"href":"https:\/\/www.focolare.org\/es\/wp-json\/wp\/v2\/comments?post=309456"}],"version-history":[{"count":0,"href":"https:\/\/www.focolare.org\/es\/wp-json\/wp\/v2\/posts\/309456\/revisions"}],"wp:attachment":[{"href":"https:\/\/www.focolare.org\/es\/wp-json\/wp\/v2\/media?parent=309456"}],"wp:term":[{"taxonomy":"category","embeddable":true,"href":"https:\/\/www.focolare.org\/es\/wp-json\/wp\/v2\/categories?post=309456"},{"taxonomy":"post_tag","embeddable":true,"href":"https:\/\/www.focolare.org\/es\/wp-json\/wp\/v2\/tags?post=309456"}],"curies":[{"name":"wp","href":"https:\/\/api.w.org\/{rel}","templated":true}]}}