{"id":309458,"date":"2018-03-22T18:30:29","date_gmt":"2018-03-22T17:30:29","guid":{"rendered":"https:\/\/www.focolare.org\/pre-sinodo-la-iglesia-de-los-jovenes\/"},"modified":"2024-05-15T20:46:33","modified_gmt":"2024-05-15T18:46:33","slug":"pre-sinodo-la-iglesia-de-los-jovenes","status":"publish","type":"post","link":"https:\/\/www.focolare.org\/es\/pre-sinodo-la-iglesia-de-los-jovenes\/","title":{"rendered":"Pre-S\u00ednodo: la Iglesia de los j\u00f3venes"},"content":{"rendered":"<p><div id=\"attachment_162885\" style=\"width: 284px\" class=\"wp-caption alignleft\"><img alt=\"\" alt=\"\" loading=\"lazy\" decoding=\"async\" aria-describedby=\"caption-attachment-162885\" class=\"wp-image-162885\" src=\"https:\/\/www.focolare.org\/wp-content\/uploads\/2018\/03\/Jonathan-Michelon-1.jpg\" alt=\"\" width=\"274\" height=\"238\" \/><p id=\"caption-attachment-162885\" class=\"wp-caption-text\">Jonathan Michelon<\/p><\/div>  <strong>Jonathan, \u00bfc\u00f3mo se desarrolla el trabajo? \u00a0<\/strong>\u00abHay sesiones en plenaria y de grupo. Son unos veinte grupos, divididos por idioma: ingl\u00e9s, franc\u00e9s, espa\u00f1ol e italiano. Cada grupo tiene un redactor y un facilitador. Los participantes tienen que responder juntos a las 15 preguntas que propone el documento del S\u00ednodo. Al final, se producir\u00e1 un documento que ser\u00e1 entregado a los Padres Sinodales\u00bb.  <strong>\u00bfDe qu\u00e9 tratan las preguntas? <\/strong>\u00abLa primera parte est\u00e1 dedicada a los desaf\u00edos y a las oportunidades de las generaciones j\u00f3venes en el mundo de hoy. Por lo tanto, la formaci\u00f3n de la personalidad, la relaci\u00f3n con los otros pueblos, los desaf\u00edos interreligiosos, las diferencias vistas como oportunidades, los j\u00f3venes y el futuro, sus sue\u00f1os, la relaci\u00f3n con la tecnolog\u00eda, la b\u00fasqueda del sentido de la vida, la relaci\u00f3n entre la vida cotidiana y lo sagrado\u00bb.  <strong>\u00bfY la segunda parte de las preguntas? <\/strong>\u00abHabla de la fe, de la vocaci\u00f3n, del sentido espec\u00edfico de la misi\u00f3n del joven en el mundo, del discernimiento y del acompa\u00f1amiento vocacional. Despu\u00e9s, de su relaci\u00f3n con Jes\u00fas, sobre c\u00f3mo es percibida la figura de Jes\u00fas en el tercer milenio. La \u00faltima parte est\u00e1 dedicada a las actividades formativas y pastorales de la Iglesia, la relaci\u00f3n de los j\u00f3venes con la Iglesia y sus experiencias\u00bb.  <img loading=\"lazy\" decoding=\"async\" class=\"alignright\" src=\"http:\/\/www.synod2018.va\/content\/synod2018\/it\/_jcr_content\/home-iparsys\/image.img.jpg\/1518166645712.jpg\" alt=\"\" width=\"411\" height=\"169\" \/>\u00bf<strong>De d\u00f3nde provienen los j\u00f3venes de tu grupo? <\/strong>\u00abDe Europa (Eslovenia, Alemania, Grecia, Polonia), pero tambi\u00e9n de los continentes, incluso de las Islas Samoa americanas, en el oc\u00e9ano Pac\u00edfico. Un joven sijs comparti\u00f3 su experiencia de fe y su relaci\u00f3n con los sacerdotes de su templo, que siempre est\u00e1n dispuestos a dar una palabra de paz. Tambi\u00e9n est\u00e1 una joven anglicana de Zimbabwe, que estudia para ser sacerdote. Hay mucha sabidur\u00eda, el intercambio es enriquecedor\u00bb.  <strong>\u00bfHay experiencias que te impresionaron? <\/strong>\u00abUna, en especial, la de un joven m\u00e9dico polaco, vinculado al Camino Neocatecumenal que, con su esposa, fund\u00f3 una asociaci\u00f3n que se ocupa de la atenci\u00f3n a los moribundos. Estimulado por la meditaci\u00f3n del primer d\u00eda, sobre el sentido profundo del dolor, basada en la experiencia de Chiara Luce Badano, cont\u00f3 lo que viven. Con las otras personas de la Asociaci\u00f3n van donde los enfermos, los asisten, los invitan a ofrecer su dolor por todos. De este modo estas personas dejan la tierra \u201cllenos de vida\u201d porque, como \u00e9l dice, \u201cla muerte es el per\u00edodo m\u00e1s bello de la vida, porque nos acercamos a Dios, a Quien m\u00e1s amamos\u00bb\u00bb.  <strong>A los j\u00f3venes de los Focolares se les confi\u00f3 la animaci\u00f3n de la misa y las meditaciones cotidianas\u2026 \u00a0<\/strong>\u00abSi, algunos j\u00f3venes de la Escuela Gen de Loppiano y de los Centros Gen de Roma formaron el coro, que ahora se est\u00e1 convirtiendo en un grupo inclusivo: invitan a quien tiene talento a participar en la animaci\u00f3n de la Misa. Ayer, se uni\u00f3 un violinista. Es realmente una bella experiencia\u00bb.  <strong>Entonces, \u00bflos j\u00f3venes est\u00e1n felices con esta experiencia? <\/strong>\u00abNos estamos dando cuenta de que estamos viviendo un momento hist\u00f3rico en la Iglesia. \u00a1Es la primera vez, en 2000 a\u00f1os, que se hace un s\u00ednodo de los j\u00f3venes con los j\u00f3venes! Pero para ellos es natural contribuir as\u00ed a la Iglesia. La Iglesia es de ellos. Se comportan con el Cardenal y tambi\u00e9n con el Papa Francisco como con sus mejores amigos; les dan la mano, los abrazan\u2026 Es muy bello\u00bb.  \u00bf<strong>Y para ti? <\/strong>\u00abPara m\u00ed es una experiencia \u00fanica, me doy cuenta de la vastedad de la Iglesia y de su incidencia en el mundo. Aqu\u00ed est\u00e1 el mundo, la universalidad de la Iglesia\u00bb.  &nbsp;  <strong>Fuente: <\/strong><a href=\"http:\/\/www.loppiano.it\/\" target=\"_blank\" rel=\"noopener\">Loppiano online<\/a><\/p>\n","protected":false},"excerpt":{"rendered":"<p>Entrevista a Jonathan Michelon, responsable de la Escuela Gen de Loppiano y docente de Liderazgo en el Instituto Universitario Sophia, participa en calidad de facilitador en uno de los grupos del pre-S\u00ednodo dedicado a los j\u00f3venes y querido por el Papa Francisco.<\/p>\n","protected":false},"author":34,"featured_media":0,"comment_status":"open","ping_status":"open","sticky":false,"template":"","format":"standard","meta":{"give_campaign_id":0,"_seopress_robots_primary_cat":"","_seopress_titles_title":"","_seopress_titles_desc":"","_seopress_robots_index":"","_et_pb_use_builder":"","_et_pb_old_content":"","_et_gb_content_width":"","footnotes":""},"categories":[46],"tags":[],"class_list":["post-309458","post","type-post","status-publish","format-standard","hentry","category-sin-categorizar"],"_links":{"self":[{"href":"https:\/\/www.focolare.org\/es\/wp-json\/wp\/v2\/posts\/309458","targetHints":{"allow":["GET"]}}],"collection":[{"href":"https:\/\/www.focolare.org\/es\/wp-json\/wp\/v2\/posts"}],"about":[{"href":"https:\/\/www.focolare.org\/es\/wp-json\/wp\/v2\/types\/post"}],"author":[{"embeddable":true,"href":"https:\/\/www.focolare.org\/es\/wp-json\/wp\/v2\/users\/34"}],"replies":[{"embeddable":true,"href":"https:\/\/www.focolare.org\/es\/wp-json\/wp\/v2\/comments?post=309458"}],"version-history":[{"count":0,"href":"https:\/\/www.focolare.org\/es\/wp-json\/wp\/v2\/posts\/309458\/revisions"}],"wp:attachment":[{"href":"https:\/\/www.focolare.org\/es\/wp-json\/wp\/v2\/media?parent=309458"}],"wp:term":[{"taxonomy":"category","embeddable":true,"href":"https:\/\/www.focolare.org\/es\/wp-json\/wp\/v2\/categories?post=309458"},{"taxonomy":"post_tag","embeddable":true,"href":"https:\/\/www.focolare.org\/es\/wp-json\/wp\/v2\/tags?post=309458"}],"curies":[{"name":"wp","href":"https:\/\/api.w.org\/{rel}","templated":true}]}}