{"id":309486,"date":"2018-03-31T23:10:26","date_gmt":"2018-03-31T21:10:26","guid":{"rendered":"https:\/\/www.focolare.org\/los-mejores-deseos-de-una-pascua-santa\/"},"modified":"2024-05-15T20:46:38","modified_gmt":"2024-05-15T18:46:38","slug":"los-mejores-deseos-de-una-pascua-santa","status":"publish","type":"post","link":"https:\/\/www.focolare.org\/es\/los-mejores-deseos-de-una-pascua-santa\/","title":{"rendered":"Los mejores deseos de una Pascua Santa"},"content":{"rendered":"<table style=\"height: 435px\" border=\"0\" width=\"500\" cellpadding=\"20\">\n<tbody>\n<tr>\n<td style=\"vertical-align: top\"><a href=\"https:\/\/www.focolare.org\/wp-content\/uploads\/2018\/04\/AuguriPasquali_ES_2018.png\"><img alt=\"\" alt=\"\" loading=\"lazy\" decoding=\"async\" class=\"alignleft wp-image-163643\" src=\"https:\/\/www.focolare.org\/wp-content\/uploads\/2018\/04\/AuguriPasquali_ES_2018.png\" alt=\"\" width=\"580\" height=\"326\" \/><\/a><\/td>\n<\/tr>\n<tr>\n<td style=\"vertical-align: top\"><\/td>\n<\/tr>\n<tr>\n<td style=\"vertical-align: top\">          Hoy m\u00e1s que nunca, mientras se encienden nuevos focos de guerra en diferentes partes del mundo, y tragedias de todo tipo parecen frustrar las expectativas de paz, queremos afirmar nuestra fe en el Hombre-Dios, muerto y resucitado por todos los hombres y para llevar el mundo a su destino de unidad.  <strong>\u00c9l es nuestra esperanza y nuestra alegr\u00eda.<\/strong>  En nombre m\u00edo y de todo el Movimiento de los Focolares les expreso mis mejores deseos: que el esp\u00edritu del Resucitado nazca y renazca cada d\u00eda en nosotros y entre nosotros, seg\u00fan la promesa de Jes\u00fas: \u201cDonde dos o tres est\u00e1n reunidos en mi nombre, all\u00ed estoy yo en medio de ellos\u201d (Mt 18,20). Permanezcamos pues unidos en su nombre, es decir, en su amor, difundi\u00e9ndolo entre las personas y los pueblos.  <strong>\u00a1Feliz Pascua a todos!<\/strong> <\/p>\n<p style=\"text-align: center\">Maria Voce<\/p>\n<\/td>\n<\/tr>\n<\/tbody>\n<\/table>\n<hr \/>\n<p>  &nbsp;<\/p>\n","protected":false},"excerpt":{"rendered":"<p>\u201cCristo es nuestra esperanza\u201d. La felicitaci\u00f3n de Mar\u00eda Voce, presidente del Movimiento de los Focolares.<\/p>\n","protected":false},"author":34,"featured_media":0,"comment_status":"open","ping_status":"open","sticky":false,"template":"","format":"standard","meta":{"give_campaign_id":0,"_seopress_robots_primary_cat":"","_seopress_titles_title":"","_seopress_titles_desc":"","_seopress_robots_index":"","_et_pb_use_builder":"","_et_pb_old_content":"","_et_gb_content_width":"","footnotes":""},"categories":[46],"tags":[],"class_list":["post-309486","post","type-post","status-publish","format-standard","hentry","category-sin-categorizar"],"_links":{"self":[{"href":"https:\/\/www.focolare.org\/es\/wp-json\/wp\/v2\/posts\/309486","targetHints":{"allow":["GET"]}}],"collection":[{"href":"https:\/\/www.focolare.org\/es\/wp-json\/wp\/v2\/posts"}],"about":[{"href":"https:\/\/www.focolare.org\/es\/wp-json\/wp\/v2\/types\/post"}],"author":[{"embeddable":true,"href":"https:\/\/www.focolare.org\/es\/wp-json\/wp\/v2\/users\/34"}],"replies":[{"embeddable":true,"href":"https:\/\/www.focolare.org\/es\/wp-json\/wp\/v2\/comments?post=309486"}],"version-history":[{"count":0,"href":"https:\/\/www.focolare.org\/es\/wp-json\/wp\/v2\/posts\/309486\/revisions"}],"wp:attachment":[{"href":"https:\/\/www.focolare.org\/es\/wp-json\/wp\/v2\/media?parent=309486"}],"wp:term":[{"taxonomy":"category","embeddable":true,"href":"https:\/\/www.focolare.org\/es\/wp-json\/wp\/v2\/categories?post=309486"},{"taxonomy":"post_tag","embeddable":true,"href":"https:\/\/www.focolare.org\/es\/wp-json\/wp\/v2\/tags?post=309486"}],"curies":[{"name":"wp","href":"https:\/\/api.w.org\/{rel}","templated":true}]}}