{"id":309520,"date":"2018-04-12T23:10:26","date_gmt":"2018-04-12T21:10:26","guid":{"rendered":"https:\/\/www.focolare.org\/a-fuerza-de-volver-a-levantarse\/"},"modified":"2024-05-15T20:46:44","modified_gmt":"2024-05-15T18:46:44","slug":"a-fuerza-de-volver-a-levantarse","status":"publish","type":"post","link":"https:\/\/www.focolare.org\/es\/a-fuerza-de-volver-a-levantarse\/","title":{"rendered":"A fuerza de volver a levantarse"},"content":{"rendered":"<p><strong><img alt=\"\" alt=\"\" loading=\"lazy\" decoding=\"async\" class=\"wp-image-164077 alignright\" src=\"https:\/\/www.focolare.org\/wp-content\/uploads\/2018\/04\/Gmu-Rebibbia-3-e1523559308800.jpeg\" alt=\"\" width=\"368\" height=\"242\" \/>\u00abDesde hace m\u00e1s o menos tres a\u00f1os nosotros, J\u00f3venes por un Mundo Unido de Roma, colaboramos con las educadoras, la administraci\u00f3n penitenciaria y el \u201cComit\u00e9 G9\u201d<\/strong>, un grupo de ocho privados de libertad de la misma secci\u00f3n de la c\u00e1rcel de Rebibbia que, aunque no tienen hijos, asumieron el compromiso de favorecer las ocasiones de encuentro entre los detenidos y sus respectivas familias\u00bb.\u00a0 Habla de esta aventura Raffaele Natalucci, un joven de veintinueve a\u00f1os de Roma. \u00abTres veces al a\u00f1o preparamos stands donde padres e hijos tienen un espacio para estar juntos, jugar y dibujar con los m\u00e1s peque\u00f1os.  Durante los eventos organizados en el \u00e1rea verde, el patio interno de la c\u00e1rcel, participan alrededor de trescientas personas, entre privados de libertad y sus familias, y numerosos voluntarios provenientes de fuera. Durante uno de estos eventos recogimos el testimonio de un detenido: \u201cLa privaci\u00f3n de la libertad te saca de la realidad. A fuerza de estar en la celda, entre cuatro paredes, tambi\u00e9n la vista disminuye. Quien tiene el beneficio de tener permisos para salir durante algunas horas, como premio por su buena conducta, cuenta que tiene que hacer esfuerzo para ver de lejos, hacia el horizonte. La posibilidad de hacer un trabajo dentro de la c\u00e1rcel para m\u00ed quiere decir mucho. Antes usaba mis capacidades para actividades ilegales, pero lo que hac\u00eda era como un helado en el verano, se derret\u00eda al sol. En cambio trabajar, organizar campeonatos deportivas o iniciativas en favor de los otros detenidos vale cien veces un salario\u201d\u00bb.  Prosigue Raffaele: \u00abComo J\u00f3venes por un Mundo Unido estamos viviendo una experiencia humana muy fuerte: la norma de la polic\u00eda penitenciaria de dejar afuera todo objeto personal antes de entrar, en m\u00ed resuena, siempre, como una invitaci\u00f3n a abandonar tambi\u00e9n los prejuicio e ir m\u00e1s all\u00e1 de las barreras entre el mundo externo y la c\u00e1rcel, para construir una relaci\u00f3n aut\u00e9ntica con las personas detenidas, al punto que ahora nos llamamos el \u201cComit\u00e9 externo\u201d. Iniciamos un \u201cProyecto sobre la legalidad\u201d con una serie de encuentros tem\u00e1ticos realizados en la c\u00e1rcel. En plena sinton\u00eda con las educadoras, con la ayuda de personas expertas, los privados de libertad profundizan en temas como las relaciones interpersonales, la integraci\u00f3n entre las culturas, la \u201clegalidad del nosotros\u201d, el redescubrimiento de las propias habilidades y la reinserci\u00f3n profesional\u00bb.  \u00abCon motivo de la celebraci\u00f3n del d\u00eda del padre, el 19 de marzo, invitamos al psic\u00f3logo Ezio Aceti a hablar de \u201cpaternidad\u201d a alrededor de setenta detenidos en el auditorio del instituto penitenciario. Una intervenci\u00f3n enfocada en las expectativas y las necesidades del ni\u00f1o. \u201cTomar conciencia de los pensamientos del otro, hablar en la verdad, transmitir una imagen positiva \u2013explic\u00f3 Aceti- son las premisas necesarias para que el encuentro entre los detenidos y sus hijos pueda ser fruct\u00edfero\u201d.  Durante el debate un detenido pregunt\u00f3: \u201c\u00bfQu\u00e9 le puede decir a su hija un padre condenado a cadena perpetua? \u201cQue su pap\u00e1 se equivoc\u00f3, pero que est\u00e1 haciendo todo lo posible\u201d fue la respuesta. \u201cSi su hija ve en el padre la coherencia y la valent\u00eda de volverse a levantar, tendr\u00e1 esta imagen de su pap\u00e1\u201d. Y continu\u00f3: \u201cPaternidad es mantener vivo un v\u00ednculo. Es necesario transmitir a los hijos un sentimiento de pertenencia. De este modo vivir\u00e1n una experiencia positiva y recordar\u00e1n a su pap\u00e1 que est\u00e1 en la c\u00e1rcel\u201d. Al final el psic\u00f3logo exhort\u00f3 a los detenidos diciendo: \u201cEducar a un hijo no quiere decir no equivocarse, sino hacer todo nuestra parte a pesar de los errores. Esto le ense\u00f1ar\u00e1 a los hijos a ser tolerantes. Ustedes pueden ser buenos pap\u00e1s aunque se hayan equivocado. En el fondo todos experimentamos el des\u00e1nimo, pero dentro de nuestro coraz\u00f3n hay otra voz que nos dice: lev\u00e1ntate, vuelve a empezar. No es importante cu\u00e1ntas veces se han equivocado, sino cu\u00e1ntas veces se han vuelto a levantar. El milagro consiste en que a fuerza de volverse a levantar se da un cambio\u201d\u00bb.  &nbsp;<\/p>\n","protected":false},"excerpt":{"rendered":"<p>Un grupo de j\u00f3venes de los Focolares, la administraci\u00f3n penitenciaria de una c\u00e1rcel para adultos de Rebibbia y un comit\u00e9 de privados de libertad. En Roma, la historia de una fruct\u00edfera colaboraci\u00f3n que contin\u00faa.<\/p>\n","protected":false},"author":34,"featured_media":0,"comment_status":"open","ping_status":"open","sticky":false,"template":"","format":"standard","meta":{"give_campaign_id":0,"_seopress_robots_primary_cat":"","_seopress_titles_title":"","_seopress_titles_desc":"","_seopress_robots_index":"","_et_pb_use_builder":"","_et_pb_old_content":"","_et_gb_content_width":"","footnotes":""},"categories":[904],"tags":[],"class_list":["post-309520","post","type-post","status-publish","format-standard","hentry","category-focolare-worldwide-2-2"],"_links":{"self":[{"href":"https:\/\/www.focolare.org\/es\/wp-json\/wp\/v2\/posts\/309520","targetHints":{"allow":["GET"]}}],"collection":[{"href":"https:\/\/www.focolare.org\/es\/wp-json\/wp\/v2\/posts"}],"about":[{"href":"https:\/\/www.focolare.org\/es\/wp-json\/wp\/v2\/types\/post"}],"author":[{"embeddable":true,"href":"https:\/\/www.focolare.org\/es\/wp-json\/wp\/v2\/users\/34"}],"replies":[{"embeddable":true,"href":"https:\/\/www.focolare.org\/es\/wp-json\/wp\/v2\/comments?post=309520"}],"version-history":[{"count":0,"href":"https:\/\/www.focolare.org\/es\/wp-json\/wp\/v2\/posts\/309520\/revisions"}],"wp:attachment":[{"href":"https:\/\/www.focolare.org\/es\/wp-json\/wp\/v2\/media?parent=309520"}],"wp:term":[{"taxonomy":"category","embeddable":true,"href":"https:\/\/www.focolare.org\/es\/wp-json\/wp\/v2\/categories?post=309520"},{"taxonomy":"post_tag","embeddable":true,"href":"https:\/\/www.focolare.org\/es\/wp-json\/wp\/v2\/tags?post=309520"}],"curies":[{"name":"wp","href":"https:\/\/api.w.org\/{rel}","templated":true}]}}