{"id":309546,"date":"2018-04-20T23:10:25","date_gmt":"2018-04-20T21:10:25","guid":{"rendered":"https:\/\/www.focolare.org\/dialogo-y-unidad-de-los-cristianos\/"},"modified":"2024-05-15T20:46:48","modified_gmt":"2024-05-15T18:46:48","slug":"dialogo-y-unidad-de-los-cristianos","status":"publish","type":"post","link":"https:\/\/www.focolare.org\/es\/dialogo-y-unidad-de-los-cristianos\/","title":{"rendered":"Di\u00e1logo y unidad de los cristianos"},"content":{"rendered":"<p><div id=\"attachment_164563\" style=\"width: 260px\" class=\"wp-caption alignright\"><a href=\"https:\/\/www.focolare.org\/wp-content\/uploads\/2018\/04\/WCC_JesusMoran.jpg\"><img alt=\"\" alt=\"\" loading=\"lazy\" decoding=\"async\" aria-describedby=\"caption-attachment-164563\" class=\"wp-image-164563\" src=\"https:\/\/www.focolare.org\/wp-content\/uploads\/2018\/04\/WCC_JesusMoran.jpg\" alt=\"\" width=\"250\" height=\"349\" \/><\/a><p id=\"caption-attachment-164563\" class=\"wp-caption-text\">Jes\u00fas Mor\u00e1n. Foto \u00a9 2018 Consejo Ecum\u00e9nico de las Iglesias<\/p><\/div>  <strong>\u00abCon el progreso de los medios de transporte y de las t\u00e9cnicas de informaci\u00f3n, el universo se ha reducido bruscamente;<\/strong> las distancias dejaron de ser un obst\u00e1culo para que los hombres m\u00e1s diversos se vincularan\u00bb. Sin embargo, esta multiplicidad de relaciones \u00ab la mayor\u00eda de las veces desemboca en una multiplicaci\u00f3n de barreras e incomprensiones\u00bb. <a href=\"https:\/\/www.focolare.org\/es\/news\/2014\/09\/17\/jesus-moran-cepedano\/\">Jes\u00fas Mor\u00e1n<\/a> en su intervenci\u00f3n en Ginebra (Suiza), comenz\u00f3 citando estas palabras del antrop\u00f3logo franc\u00e9s <strong>Roger Bastide<\/strong>, quien vivi\u00f3 en el siglo pasado. Mor\u00e1n considera que el \u201cdi\u00e1logo\u201d es la caracter\u00edstica emergente de nuestro tiempo, a pesar de que todav\u00eda no se ha realizado completamente. \u00abLa humanidad est\u00e1 m\u00e1s preparada que nunca para ser s\u00ed misma, sin embargo se ve obligada a reconocer su incapacidad de responder a su vocaci\u00f3n\u00bb.  <strong>El contexto en el que present\u00f3 su intervenci\u00f3n fue un encuentro convocado para recordar la rica colaboraci\u00f3n y<\/strong><strong> amistad entre el Movimiento de los Focolares y <a href=\"https:\/\/www.focolare.org\/es\/chiara-lubich\/chi-e-chiara\/\">Chiara Lubich<\/a> y el Consejo Ecum\u00e9nico de las Iglesias<\/strong>. Este organismo, constituido en 1948, ha hecho del di\u00e1logo el instrumento principal de una eficaz b\u00fasqueda de unidad entre las Iglesias cristianas.  El di\u00e1logo \u2013 sostiene el copresidente de los Focolares- est\u00e1 en la ra\u00edz de la naturaleza humana y podemos encontrar sus \u201cfuentes\u201d en todas las culturas, tanto en la occidental como en la oriental.  <strong>Para los cristianos, es el mismo Jes\u00fas la \u201cllave\u201d del di\u00e1logo: el amor rec\u00edproco,<\/strong> el perder la propia vida por amor hasta el abandono. \u00ab\u00bfCu\u00e1les son los pilares de una cultura del di\u00e1logo? \u2013se pregunta Mor\u00e1n-. El primero es que el di\u00e1logo est\u00e1 inscripto en la naturaleza del hombre. El hombre se hace m\u00e1s hombre en el di\u00e1logo\u00bb. El segundo es que \u00aben el di\u00e1logo cada hombre se completa a s\u00ed mismo con el don del otro. Tenemos necesidad unos de otros para poder ser nosotros mismos. En el di\u00e1logo yo le regalo al otro mi alteridad, mi diversidad\u00bb.  <a href=\"https:\/\/www.focolare.org\/wp-content\/uploads\/2018\/04\/WCC_70thanniversary_b.jpg\"><img alt=\"\" alt=\"\" loading=\"lazy\" decoding=\"async\" class=\"alignleft wp-image-164562\" src=\"https:\/\/www.focolare.org\/wp-content\/uploads\/2018\/04\/WCC_70thanniversary_b.jpg\" alt=\"\" width=\"368\" height=\"246\" \/><\/a>Adem\u00e1s, \u00abcada di\u00e1logo es siempre un encuentro personal, por lo tanto, no se trata de palabras o de pensamientos, sino de donar nuestro ser. El di\u00e1logo no es una simple conversaci\u00f3n, ni una discusi\u00f3n, sino que es algo que toca lo m\u00e1s profundo de los interlocutores\u00bb. M\u00e1s a\u00fan, \u00abel di\u00e1logo exige silencio y escucha\u00bb y \u00abes algo existencial, porque nos arriesgamos a nosotros mismos, comprometemos nuestra visi\u00f3n de las cosas, nuestra \u201cidentidad\u201d cultural, eclesial, que no se pierde sino que se ve enriquecida gracias a su apertura\u00bb. \u00abEl di\u00e1logo aut\u00e9ntico est\u00e1 relacionado con la verdad, es siempre una profundizaci\u00f3n de la verdad. [&#8230;] Cada uno participa y pone en com\u00fan con los dem\u00e1s su propia participaci\u00f3n de la verdad, que es una para todos\u00bb. \u00abEl di\u00e1logo \u2013 contin\u00faa Mor\u00e1n- exige una fuerte voluntad. <strong>Como dice Chiara Lubich, \u201cel hacerse uno profundamente\u201d.<\/strong> Sabemos que el modelo sublime e inefable de esta din\u00e1mica de amor es <a href=\"https:\/\/www.focolare.org\/es\/chiara-lubich\/spiritualita-dellunita\/gesu-abbandonato\/\">Jes\u00fas Abandonado<\/a>. \u00c9l representa verdaderamente el riesgo de la alteridad que conduce a la reciprocidad. [&#8230;]. Su \u201cperder\u201d gan\u00f3 para nosotros y en nosotros un espacio perenne de Luz y Verdad: el Esp\u00edritu Santo\u00bb. Finalmente, \u00abel di\u00e1logo es posible s\u00f3lo entre personas verdaderas\u00bb basadas en una ley, \u00abla de la reciprocidad, en la cual encuentra sentido y legitimidad\u00bb.  <strong><a href=\"https:\/\/www.focolare.org\/wp-content\/uploads\/2018\/04\/WCC_70thanniversary_a.jpg\"><img alt=\"\" alt=\"\" loading=\"lazy\" decoding=\"async\" class=\"wp-image-164566 alignright\" src=\"https:\/\/www.focolare.org\/wp-content\/uploads\/2018\/04\/WCC_70thanniversary_a.jpg\" alt=\"\" width=\"368\" height=\"235\" \/><\/a>Despu\u00e9s, Jes\u00fas Mor\u00e1n deline\u00f3 un aspecto ulterior, que pone en evidencia el t\u00edpico aporte de los Focolares a la causa de la unidad de los cristianos: el \u201cdi\u00e1logo de la vida\u201d.<\/strong> \u00c9ste lleva a \u00abvivir relaciones basadas en el Evangelio, en el intercambio de experiencias, sobre lo m\u00e1s precioso que se puede compartir con el hermano y la hermana de otra Iglesia\u00bb. Citando las palabras del <strong>Card. Walter Kasper,<\/strong> Obispo y Te\u00f3logo cat\u00f3lico, presidente del Pontificio Consejo para la Promoci\u00f3n de la Unidad de los Cristianos -\u201cEl ecumenismo del amor y el ecumenismo de la verdad, que siguen manteniendo toda su importancia, deben ser realizados a trav\u00e9s de un ecumenismo de la vida\u201d- Mor\u00e1n observa que \u00abes necesario convencerse de que esta dimensi\u00f3n vital del di\u00e1logo no est\u00e1 ausente del pensamiento teol\u00f3gico, sino que es el primer nivel y el m\u00e1s radical, y es a partir de all\u00ed, s\u00f3lo a partir de all\u00ed, que se puede acceder, en un segundo momento y con verdadero provecho, al nivel de la raz\u00f3n teol\u00f3gica\u00bb. \u00abEl di\u00e1logo \u2013 concluye Mor\u00e1n- es el ritmo de las relaciones trinitarias. Entre Ellas existe un continuo intercambio de roles y de dones. [&#8230;].  <strong> Nada se pierde<\/strong>. En el riesgo del di\u00e1logo colocamos todo de nosotros mismos y todo del otro, en el espacio trascendente del Esp\u00edritu que nos mancomuna, y por lo tanto est\u00e1 toda la humanidad. <strong>El que dialoga construye la historia<\/strong>\u00bb.  <strong>Foto gallery: <\/strong><a href=\"https:\/\/oikoumene.photoshelter.com\/galleries\/C0000zK3nWPEUFR4\/G00006QgFE7BBg70\/I0000gCu01lSFFvw\/WCC-and-the-Focolare\">https:\/\/oikoumene.photoshelter.com\/galleries<\/a><\/p>\n","protected":false},"excerpt":{"rendered":"<p>Jes\u00fas Mor\u00e1n, copresidente de los Focolares, el 18 de abril, en ocasi\u00f3n de la celebraci\u00f3n del 70\u00ba aniversario del Consejo Ecum\u00e9nico de las Iglesias, realiz\u00f3 una intervenci\u00f3n en la que deline\u00f3 algunos aspectos culturales, antropol\u00f3gicos y eclesiales del di\u00e1logo. Proponemos una s\u00edntesis.<\/p>\n","protected":false},"author":34,"featured_media":0,"comment_status":"open","ping_status":"open","sticky":false,"template":"","format":"standard","meta":{"give_campaign_id":0,"_seopress_robots_primary_cat":"","_seopress_titles_title":"","_seopress_titles_desc":"","_seopress_robots_index":"","_et_pb_use_builder":"","_et_pb_old_content":"","_et_gb_content_width":"","footnotes":""},"categories":[46],"tags":[],"class_list":["post-309546","post","type-post","status-publish","format-standard","hentry","category-sin-categorizar"],"_links":{"self":[{"href":"https:\/\/www.focolare.org\/es\/wp-json\/wp\/v2\/posts\/309546","targetHints":{"allow":["GET"]}}],"collection":[{"href":"https:\/\/www.focolare.org\/es\/wp-json\/wp\/v2\/posts"}],"about":[{"href":"https:\/\/www.focolare.org\/es\/wp-json\/wp\/v2\/types\/post"}],"author":[{"embeddable":true,"href":"https:\/\/www.focolare.org\/es\/wp-json\/wp\/v2\/users\/34"}],"replies":[{"embeddable":true,"href":"https:\/\/www.focolare.org\/es\/wp-json\/wp\/v2\/comments?post=309546"}],"version-history":[{"count":0,"href":"https:\/\/www.focolare.org\/es\/wp-json\/wp\/v2\/posts\/309546\/revisions"}],"wp:attachment":[{"href":"https:\/\/www.focolare.org\/es\/wp-json\/wp\/v2\/media?parent=309546"}],"wp:term":[{"taxonomy":"category","embeddable":true,"href":"https:\/\/www.focolare.org\/es\/wp-json\/wp\/v2\/categories?post=309546"},{"taxonomy":"post_tag","embeddable":true,"href":"https:\/\/www.focolare.org\/es\/wp-json\/wp\/v2\/tags?post=309546"}],"curies":[{"name":"wp","href":"https:\/\/api.w.org\/{rel}","templated":true}]}}