{"id":309592,"date":"2018-05-06T23:10:20","date_gmt":"2018-05-06T21:10:20","guid":{"rendered":"https:\/\/www.focolare.org\/simone-el-tiburon\/"},"modified":"2024-05-15T20:46:55","modified_gmt":"2024-05-15T18:46:55","slug":"simone-el-tiburon","status":"publish","type":"post","link":"https:\/\/www.focolare.org\/es\/simone-el-tiburon\/","title":{"rendered":"Simone el tibur\u00f3n"},"content":{"rendered":"<p><div id=\"attachment_165342\" style=\"width: 290px\" class=\"wp-caption alignright\"><img alt=\"\" alt=\"\" loading=\"lazy\" decoding=\"async\" aria-describedby=\"caption-attachment-165342\" class=\"wp-image-165342\" src=\"https:\/\/www.focolare.org\/wp-content\/uploads\/2018\/05\/Simone-.jpg\" alt=\"\" width=\"280\" height=\"280\" \/><p id=\"caption-attachment-165342\" class=\"wp-caption-text\">Simone Barlaam<\/p><\/div>  <strong>\u00abComo pueden ver, por el color de mi cabello tengo algunos a\u00f1os m\u00e1s que ustedes. Pero tambi\u00e9n yo formo parte de la familia del<a href=\"http:\/\/y4uw.org\/it\/events\/genfest-2018\/\"> Genfest<\/a>.<\/strong> Los Genfest en los que particip\u00e9 siendo chico quedaron impresos dentro de m\u00ed. \u00bfQu\u00e9 me qued\u00f3 de esas experiencias? Dos cosas. La primera: para m\u00ed que proven\u00eda de un pueblo peque\u00f1o de Abruzzo (Italia), cada Genfest era una inmersi\u00f3n en una experiencia de mundialidad. La segunda: <strong>en el Genfest comprend\u00ed que cada uno es protagonista de su propio destino<\/strong>, que mi futuro depend\u00eda de m\u00ed. Desde entonces cada d\u00eda trato de estar en la vida para realizar mis aspiraciones. Tambi\u00e9n las m\u00e1s complicadas y aparentemente imposibles. Es lo mismo que hoy, con mi esposa Claudia, estamos tratando de transmitir a nuestros hijos.  <strong>Me gusta pensar que existe un designio m\u00e1s grande sobre cada uno de nosotros<\/strong>. Como partes de un rompecabezas, los acontecimientos de la vida se entremezclan, se entrelazan, parece dif\u00edcil encontrar su justo lugar, pero despu\u00e9s repentinamente empiezan a calzar.<strong> En enero del 2000, Claudia y yo est\u00e1bamos en Australia, en Sydney, en nuestra luna de miel<\/strong> y est\u00e1bamos paseando por el nov\u00edsimo parque Ol\u00edmpico. Hac\u00edamos programas y pon\u00edamos las bases para construir nuestra familia. Simone estaba por llegar y est\u00e1bamos felices y llenos de amor. Nos sent\u00edamos invencibles.<strong> Despu\u00e9s la llegada de Simone fue dif\u00edcil. El d\u00eda que naci\u00f3 descubrimos que ten\u00eda una hipoplasia del f\u00e9mur y una coxa vara.<\/strong> Una discapacidad permanente agravada por una fractura del f\u00e9mur. Ten\u00eda un f\u00e9mur quince cent\u00edmetros m\u00e1s corto que el otro y era fr\u00e1gil como un pedazo de vidrio.  <strong>A lo largo de los a\u00f1os, Simone ha sufrido doce operaciones quir\u00fargicas:<\/strong> para alargar la extremidad, intervenciones correctivas de la cadera, trasplantes \u00f3seos para consolidar el cuello del f\u00e9mur que no se sosten\u00eda. Doce operaciones seguidas por largu\u00edsimos meses con un yeso que lo inmovilizaba del cuello para abajo.  <strong>En los largos per\u00edodos en cama, Simone aprendi\u00f3 a dibujar,<\/strong> era lo \u00fanico que lograba hacer estando acostado. Amaba dibujar peces, sobre todo tiburones por su fuerza y su velocidad. Tanto es as\u00ed que un querido amigo nuestro lo apod\u00f3<strong> \u201cSimone el tibur\u00f3n\u201d<\/strong>. Cuando ten\u00eda el yeso hasta el pecho, a menudo ve\u00edamos la pel\u00edcula de Nemo, que ten\u00eda una aleta m\u00e1s corta que la otra. Yo me sent\u00eda como Marlin, el padre de Nemo. Ansioso ante su futuro. Lleno de temor ante lo que podr\u00eda sucederle. Pero como Marlin, en un momento<strong> entend\u00ed que Simone pod\u00eda afrontar solo su \u201coc\u00e9ano\u201d. Sin temor. Tambi\u00e9n con una aleta m\u00e1s corta.\u00a0 <\/strong>  <strong>Simone empez\u00f3 a hacer deporte. <\/strong>Nadar era el \u00fanico deporte que pod\u00eda hacer, para mover los m\u00fasculos sin correr el riesgo de romper su hueso de cristal. Despu\u00e9s de un tiempo empez\u00f3 a competir. Algunos a\u00f1os despu\u00e9s empez\u00f3 a entrenar con los chicos del equipo nacional italiano de nataci\u00f3n, todos los d\u00edas, despu\u00e9s de la escuela, durante dos horas y media, que llegaron a ser cinco antes de las competencias m\u00e1s importantes. Tanto que con 17 a\u00f1os,<strong> en los \u00faltimos mundiales de nataci\u00f3n paraol\u00edmpica que se realizaron en Ciudad de M\u00e9xico, en diciembre pasado, Simone gan\u00f3 dos medallas de oro,<\/strong> en los 50 y 100 metros libre, una de plata y otra de bronce. Son las competencias m\u00e1s r\u00e1pidas en nataci\u00f3n.  Ahora, exactamente 16 a\u00f1os despu\u00e9s de nuestra luna de miel, Simone est\u00e1 en Australia como estudiante de intercambio para hacer su cuarto a\u00f1o de liceo y proseguir su entrenamiento de alto rendimiento. Sigue entrenando, estudia y<strong> compite con los mejores nadadores australianos en el Olimpic Aquatic Centre de Sydney,<\/strong> precisamente donde Claudia y yo lo llevamos cuando todav\u00eda estaba en el vientre. Bien, si hace algunos a\u00f1os alguien me hubiara dicho que iba a tener un hijo con dos t\u00edtulos de campe\u00f3n del mundo, habr\u00eda dicho que estaba loco. <strong>Simone tiene una aleta m\u00e1s corta, pero es m\u00e1s fuerte de lo que todos cre\u00edamos. Tuvo el valor de abrirla y de volar.<\/strong> Les deseo, los invito, a que tambi\u00e9n ustedes abran sus alas. Que tengan valor. Y aprendan a volar. Sigan sus pasiones. No se den por satisfechos.\u00bb  <em>Riccardo Barlaam <\/em><\/p>\n","protected":false},"excerpt":{"rendered":"<p>Est\u00e1 en curso la \u201cSemana mundo unido\u201d, cuando los j\u00f3venes de todo el mundo demuestran que la paz, la solidaridad y la unidad son realizables. La historia de Simone, campe\u00f3n de nataci\u00f3n paraol\u00edmpica, relatada en el Genfest de Italia por su pap\u00e1, periodista, es una invitaci\u00f3n a realizar siempre grandes sue\u00f1os.<\/p>\n","protected":false},"author":34,"featured_media":0,"comment_status":"open","ping_status":"open","sticky":false,"template":"","format":"standard","meta":{"give_campaign_id":0,"_seopress_robots_primary_cat":"","_seopress_titles_title":"","_seopress_titles_desc":"","_seopress_robots_index":"","_et_pb_use_builder":"","_et_pb_old_content":"","_et_gb_content_width":"","footnotes":""},"categories":[904],"tags":[],"class_list":["post-309592","post","type-post","status-publish","format-standard","hentry","category-focolare-worldwide-2-2"],"_links":{"self":[{"href":"https:\/\/www.focolare.org\/es\/wp-json\/wp\/v2\/posts\/309592","targetHints":{"allow":["GET"]}}],"collection":[{"href":"https:\/\/www.focolare.org\/es\/wp-json\/wp\/v2\/posts"}],"about":[{"href":"https:\/\/www.focolare.org\/es\/wp-json\/wp\/v2\/types\/post"}],"author":[{"embeddable":true,"href":"https:\/\/www.focolare.org\/es\/wp-json\/wp\/v2\/users\/34"}],"replies":[{"embeddable":true,"href":"https:\/\/www.focolare.org\/es\/wp-json\/wp\/v2\/comments?post=309592"}],"version-history":[{"count":0,"href":"https:\/\/www.focolare.org\/es\/wp-json\/wp\/v2\/posts\/309592\/revisions"}],"wp:attachment":[{"href":"https:\/\/www.focolare.org\/es\/wp-json\/wp\/v2\/media?parent=309592"}],"wp:term":[{"taxonomy":"category","embeddable":true,"href":"https:\/\/www.focolare.org\/es\/wp-json\/wp\/v2\/categories?post=309592"},{"taxonomy":"post_tag","embeddable":true,"href":"https:\/\/www.focolare.org\/es\/wp-json\/wp\/v2\/tags?post=309592"}],"curies":[{"name":"wp","href":"https:\/\/api.w.org\/{rel}","templated":true}]}}