{"id":309694,"date":"2018-06-13T23:10:28","date_gmt":"2018-06-13T21:10:28","guid":{"rendered":"https:\/\/www.focolare.org\/el-amor-no-se-muda\/"},"modified":"2024-05-15T20:47:14","modified_gmt":"2024-05-15T18:47:14","slug":"el-amor-no-se-muda","status":"publish","type":"post","link":"https:\/\/www.focolare.org\/es\/el-amor-no-se-muda\/","title":{"rendered":"El amor no se muda"},"content":{"rendered":"<p><strong><img alt=\"\" alt=\"\" loading=\"lazy\" decoding=\"async\" class=\"size-full wp-image-167147 alignleft\" src=\"https:\/\/www.focolare.org\/wp-content\/uploads\/2018\/06\/20180614-01.jpg\" alt=\"\" width=\"368\" height=\"243\" \/>El relato de estar juntos durante toda una vida pasada juntos es natural en las palabras de Anna como en las de Claudio<\/strong>, casi como si se hubiesen convertido, despu\u00e9s de tantos a\u00f1os de matrimonio, en una sola persona. \u00abCuando nos casamos nos un\u00eda el entusiasmo \u2013 comienza ella- y la alegr\u00eda de ver nacer a nuestra familia. En la peque\u00f1a ciudad del norte de Italia, a la cual nos mudamos por razones de trabajo, no conoc\u00edamos a nadie. Yo me ocupaba de las tareas de casa, y esperaba que \u00e9l volviera de noche. <strong>\u00c9ramos felices, pero&#8230; nos faltaba algo<\/strong>. Un domingo nos acercamos a un sacerdote, fuera de la iglesia. Lo invitamos a casa y \u00e9l llego tray\u00e9ndonos una revista \u201c<a href=\"https:\/\/www.cittanuova.it\/\" target=\"_blank\" rel=\"noopener\">Citt\u00e1 Nuova<\/a>\u201d. Despu\u00e9s nos habl\u00f3 de la <a href=\"https:\/\/www.focolare.org\/es\/chiara-lubich\/spiritualita-dellunita\/la-parola\/\">Palabra de Vida<\/a>. Nos pareci\u00f3 que nosotros tambi\u00e9n nos pod\u00edamos comprometer en vivir el Evangelio\u00bb.  <strong>\u00abTen\u00eda un buen trabajo \u2013 explica Claudio-, constru\u00edamos autos para el desarrollo y la impresi\u00f3n de pel\u00edculas cinematogr\u00e1ficas.<\/strong> Pero despu\u00e9s de la muerte del due\u00f1o de la empresa, comenzaron a aparecer algunas dificultades con los herederos. En un determinado momento me lelg\u00f3 una propuesta muy atractiva. Un trabajo bien pagado pero, me enter\u00e9, por los contenidos de la propuesta que era algo \u00e9ticamente inaceptable. Mi esposa y yo estuvimos de acuerdo en no aceptar. Poco tiempo despu\u00e9s, apareci\u00f3 otra oportunidad, esta vez con un sueldo m\u00e1s bajo. Mientras tanto hab\u00eda nacido el segundo hijo, y las exigencias de la familia crec\u00edan. Aceptamos, confi\u00e1ndonos que no nos habr\u00eda faltado nada.  <strong>El trabajo era demasiado y precisaba un ayudante. La oficina del personal me propuso una persona con problemas de car\u00e1cter<\/strong>, que en el primer contacto, efectivamente, respondi\u00f3: \u201cSi usted piensa hacerme trabajar, se est\u00e1 equivocando mucho\u201d. Era consciente que iba a tener que compensar su incapacidad, pero nos comprometidos a amar a todos, por lo tanto no pod\u00eda echarme atr\u00e1s. A continuaci\u00f3n, tambi\u00e9n \u00e9l se entusiasm\u00f3 con el trabajo, y en Navidad, adentro de un paquete envuelto en un papel de diario, me regal\u00f3 un trencito para mi hojo\u00bb  <strong>\u00abEstaba esperando el tercer hijo \u2013contin\u00faa Anna\u2013 cuando lleg\u00f3 para Claudio una nueva oportunidad de trabajo.<\/strong> En la nueva ciudad a la cual nos mudamos nacieron los otros cuatro hijos. Una peque\u00f1a \u201ctribu\u201d, que crec\u00eda amando con gusto nuestro estilo de vida y la armon\u00eda que trat\u00e1bams de mantener entre nosotros. Tambi\u00e9n yo trabajaba, ense\u00f1aba alem\u00e1n en el liceo, y \u00e9sto me significaba mucho compromiso, pero los muchachos colaboraban, ayud\u00e1ndose en las tareas escolares o preparando la cena. Una noche estaba en el \u00f3mnibus, vulviendo del liceo, que estaba a casi 30 km. Llov\u00eda, y ya pensaba que me iba a mojar completamente. No exist\u00edan en aquella \u00e9poca los celulares. En la parada del \u00f3mnibus, encontr\u00e9 a uno de los hijos, todav\u00eda muy chiquito, esper\u00e1ndome con un paraguas. Algunos a\u00f1os despu\u00e9s, cuando ya \u00e9ramos nueve (m\u00e1s un gato), <strong>debido al trabajo de mi marido se pensaba en otro traslado.<\/strong> Yo dudaba mucho. Pero comprend\u00eda que \u00e9l sufrir\u00eda si ten\u00eda que vivir en un hotel durante cinco d\u00edas a la semana. Por amor a \u00e9l, nos convencimos que ten\u00edamos que hacer nuevamente las valijas. Comprend\u00edamos la importancia de estar siempre unidos, y a menudo rez\u00e1bamos juntos en los momentos de dificultades. <strong>Durante el d\u00eda estaba sola, pero sab\u00eda que \u00e9l estaba conmigo.<\/strong> Algunas veces, despu\u00e9s de la cena, d\u00e1bamos una vuelta por el barrio, cuatro pasos juntos para estar solos nosotros dos\u00bb  <strong>\u00abAhora nuestros hijos est\u00e1n casados \u2013 contin\u00faa Claudio-.<\/strong> Uno de ellos se separ\u00f3 de su esposa, y para nosotros fue un gran dolor. Durante una reciente peregrinaci\u00f3n, le confiamos a Mar\u00eda esta situaci\u00f3n. En primer lugar rezamos para que se recompusiera su familia. Despu\u00e9s de un poco, nos pareci\u00f3 que era m\u00e1s justo pedir, por ellos, conversi\u00f3n del coraz\u00f3n. Finalmente comprendimos. La gracia de pedir era otra: pedir nuestra conversi\u00f3n. Nos fuimos de all\u00ed, con el deseo de estar atentos a los que Dios nos habr\u00eda pedido. Porque quisi\u00e9ramos no dejar nunca de ser instrumentos de Su amor. <strong>Es el amar la \u00fanica cosa que en una familia no se debe mudar nunca\u00bb.<\/strong><\/p>\n","protected":false},"excerpt":{"rendered":"<p>Hace 50 a\u00f1os que est\u00e1n casados, tienen 7 hijos y 17 nietos. \u00c9stos son los \u201cn\u00fameros\u201d de la familia de Anna y Claudio. \u201cQueremos ser instrumentos del amor de Dios\u201d.<\/p>\n","protected":false},"author":34,"featured_media":0,"comment_status":"open","ping_status":"open","sticky":false,"template":"","format":"standard","meta":{"give_campaign_id":0,"_seopress_robots_primary_cat":"","_seopress_titles_title":"","_seopress_titles_desc":"","_seopress_robots_index":"","_et_pb_use_builder":"","_et_pb_old_content":"","_et_gb_content_width":"","footnotes":""},"categories":[904],"tags":[],"class_list":["post-309694","post","type-post","status-publish","format-standard","hentry","category-focolare-worldwide-2-2"],"_links":{"self":[{"href":"https:\/\/www.focolare.org\/es\/wp-json\/wp\/v2\/posts\/309694","targetHints":{"allow":["GET"]}}],"collection":[{"href":"https:\/\/www.focolare.org\/es\/wp-json\/wp\/v2\/posts"}],"about":[{"href":"https:\/\/www.focolare.org\/es\/wp-json\/wp\/v2\/types\/post"}],"author":[{"embeddable":true,"href":"https:\/\/www.focolare.org\/es\/wp-json\/wp\/v2\/users\/34"}],"replies":[{"embeddable":true,"href":"https:\/\/www.focolare.org\/es\/wp-json\/wp\/v2\/comments?post=309694"}],"version-history":[{"count":0,"href":"https:\/\/www.focolare.org\/es\/wp-json\/wp\/v2\/posts\/309694\/revisions"}],"wp:attachment":[{"href":"https:\/\/www.focolare.org\/es\/wp-json\/wp\/v2\/media?parent=309694"}],"wp:term":[{"taxonomy":"category","embeddable":true,"href":"https:\/\/www.focolare.org\/es\/wp-json\/wp\/v2\/categories?post=309694"},{"taxonomy":"post_tag","embeddable":true,"href":"https:\/\/www.focolare.org\/es\/wp-json\/wp\/v2\/tags?post=309694"}],"curies":[{"name":"wp","href":"https:\/\/api.w.org\/{rel}","templated":true}]}}