{"id":309718,"date":"2018-06-20T23:10:13","date_gmt":"2018-06-20T21:10:13","guid":{"rendered":"https:\/\/www.focolare.org\/en-camino-hacia-dublin\/"},"modified":"2024-05-15T20:47:18","modified_gmt":"2024-05-15T18:47:18","slug":"en-camino-hacia-dublin","status":"publish","type":"post","link":"https:\/\/www.focolare.org\/es\/en-camino-hacia-dublin\/","title":{"rendered":"En camino hacia Dubl\u00edn"},"content":{"rendered":"<p><strong><img alt=\"\" alt=\"\" loading=\"lazy\" decoding=\"async\" class=\"wp-image-167519 alignleft\" src=\"https:\/\/www.focolare.org\/wp-content\/uploads\/2018\/06\/20180621-01.jpg\" alt=\"\" width=\"360\" height=\"239\" \/><\/strong>Lough Key Forest Park, 800 hect\u00e1reas de silencio, senderos naturales, imponentes cedros y un lago, en la costa meridional de Lough Key, a 40 km al de Sligo Town, y 3 km al Este de Boyle; este fue el marco de la jornada para las familias organizada por la di\u00f3cesis de Elphin a finales del mes de abril. Entre los promotores, que colaboraron con el Obispo Kevin Doran, estaba tambi\u00e9n el Movimiento de los Focolares. \u00abUn compartir en un clima de diversi\u00f3n y amistad al que todos estaban invitados \u2013hab\u00eda dicho el obispo- tambi\u00e9n las familias de otras convicciones religiosas, los vecinos, los amigos\u00bb. El objetivo era prepararse al gran evento con el Papa Francisco, que reunir\u00e1 en la capital irlandesa a finales de agosto, a familias de todo el mundo con el tema \u201cEl Evangelio de la familia alegr\u00eda para el mundo\u201d. Cada tres a\u00f1os, esta cita internacional pone en el centro de la atenci\u00f3n a la familia cristiana, como primera piedra de la sociedad.  Despu\u00e9s de la inauguraci\u00f3n, el 21 de agosto, que se celebrar\u00e1 simult\u00e1neamente en todas las di\u00f3cesis de Irlanda, se realizar\u00e1 en Dubl\u00edn un Congreso internacional de tres d\u00edas (22-24) con la presentaci\u00f3n de ponencias de expertos de varias partes del mundo, testimonios, talleres y actividades para los ni\u00f1os y los adolescentes. Con la llegada del Santo Padre, el s\u00e1bado 25 de agosto, el gran<a href=\"https:\/\/www.worldmeeting2018.ie\/es\" target=\"_blank\" rel=\"noopener\"> festival de las Familias,<\/a> dar\u00e1 la posibilidad de escuchar m\u00fasica y testimonios de los varios continentes, adem\u00e1s naturalmente de sus esperadas palabras. El evento se concluir\u00e1 con la solemne celebraci\u00f3n eucar\u00edstica del 26, presidida por \u00e9l en el Phoenix Park di Dubl\u00edn.  \u00abNo somos muchos en esta regi\u00f3n de Irlanda, pero quisimos acoger la invitaci\u00f3n del obispo\u00bb escriben desde las comunidades de los Focolares. Ya desde hace un a\u00f1o, junto a todas las familias de la di\u00f3cesis, se est\u00e1n preparando, atentos a las complejas din\u00e1micas de cada familia y a su papel en la sociedad, a trav\u00e9s de una reflexi\u00f3n com\u00fan a la luz de la exhortaci\u00f3n apost\u00f3lica <a href=\"http:\/\/w2.vatican.va\/content\/francesco\/es\/apost_exhortations\/documents\/papa-francesco_esortazione-ap_20160319_amoris-laetitia.html\" target=\"_blank\" rel=\"noopener\">\u201cAmoris Laetitia\u201d<\/a>. Evelyn, ayudada por la comunidad del Focolar, forma parte de un comit\u00e9 que trabaja en los preparativos. \u00abPara m\u00ed, es una gran ocasi\u00f3n para construir con todos relaciones de unidad. Cada pensamiento, cada aporte, cada decisi\u00f3n o acci\u00f3n por emprender han sido fruto de este camino entre nosotros, junto al Obispo. Se ha creado un clima de amor rec\u00edproco entre todos\u00bb.  <strong><img alt=\"\" alt=\"\" loading=\"lazy\" decoding=\"async\" class=\"alignright wp-image-167518\" src=\"https:\/\/www.focolare.org\/wp-content\/uploads\/2018\/06\/20180621-02.png\" alt=\"\" width=\"368\" height=\"236\" \/><\/strong>En la entrada del gran parque p\u00fablico, colgando de las ramas de los \u00e1rboles, estaban las caras del \u201cdado del amor\u201d y escritos de <a href=\"https:\/\/www.focolare.org\/es\/chiara-lubich\/chi-e-chiara\/\">Chiara Lubich<\/a> y de la \u201cAmoris Laetitia\u201d sobre la familia, que saludaban, movidos por el viento, al p\u00fablico que llegaba. Tambi\u00e9n hicieron rodar el dado en el palco, al inicio del programa, para sintonizarnos con un \u00fanico mensaje: \u201cser los primeros en amar\u201d. La jornada fue una serie festiva de m\u00fasica y talleres sobre el cuidado de la naturaleza, juegos en la familia, diversi\u00f3n, pinta caritas, danza, ayuda a los necesitados.  Fue especialmente intenso el momento de la oraci\u00f3n com\u00fan, conducido por el obispo cat\u00f3lico y el anglicano, quienes despu\u00e9s cortaron una torta, que no por casualidad ten\u00eda forma de \u201ccubo\u201d, un momento que qued\u00f3 inmortalizado por el peri\u00f3dico local \u201cRoscommon Hearld\u201d y por otros sitios y boletines. Como conclusi\u00f3n de la jornada, Andrew, uno de los participantes, cant\u00f3 una canci\u00f3n que \u00e9l compuso, sobre tres palabras sugeridas por el Papa Francisco para la vida de familia: \u201cPor favor, gracias, disculpa\u201d.  \u00abCaminando entre la gente \u2013 fue el comentario de \u00c1ine, de los Focolares- pensaba en las palabras \u201cel gran atractivo del tiempo moderno\u201d, escritas por Chiara Lubich en una meditaci\u00f3n suya. Y las sent\u00eda actuales, en medio de una multitud compuesta por personas provenientes de pueblos y aldeas remotas, no s\u00f3lo cat\u00f3licas, sino tambi\u00e9n de otras denominaciones, y de lugares remot\u00edsimos como los nuevos refugiados que han llegado para pedir asilo, desde \u00c1frica y Medio Oriente, en su mayor\u00eda musulmanes. Para ellos fue una sorpresa, encontrar tambi\u00e9n en Irlanda esta atenci\u00f3n a la familia\u00bb.<\/p>\n","protected":false},"excerpt":{"rendered":"<p>En preparaci\u00f3n al Encuentro Mundial de las Familias que tendr\u00e1 lugar del 21 al 26 de agosto, la comunidad de los Focolares se puso al servicio de la Iglesia local. Entre las iniciativas, una jornada dedicada a la familia.<\/p>\n","protected":false},"author":34,"featured_media":0,"comment_status":"open","ping_status":"open","sticky":false,"template":"","format":"standard","meta":{"give_campaign_id":0,"_seopress_robots_primary_cat":"","_seopress_titles_title":"","_seopress_titles_desc":"","_seopress_robots_index":"","_et_pb_use_builder":"","_et_pb_old_content":"","_et_gb_content_width":"","footnotes":""},"categories":[904],"tags":[],"class_list":["post-309718","post","type-post","status-publish","format-standard","hentry","category-focolare-worldwide-2-2"],"_links":{"self":[{"href":"https:\/\/www.focolare.org\/es\/wp-json\/wp\/v2\/posts\/309718","targetHints":{"allow":["GET"]}}],"collection":[{"href":"https:\/\/www.focolare.org\/es\/wp-json\/wp\/v2\/posts"}],"about":[{"href":"https:\/\/www.focolare.org\/es\/wp-json\/wp\/v2\/types\/post"}],"author":[{"embeddable":true,"href":"https:\/\/www.focolare.org\/es\/wp-json\/wp\/v2\/users\/34"}],"replies":[{"embeddable":true,"href":"https:\/\/www.focolare.org\/es\/wp-json\/wp\/v2\/comments?post=309718"}],"version-history":[{"count":0,"href":"https:\/\/www.focolare.org\/es\/wp-json\/wp\/v2\/posts\/309718\/revisions"}],"wp:attachment":[{"href":"https:\/\/www.focolare.org\/es\/wp-json\/wp\/v2\/media?parent=309718"}],"wp:term":[{"taxonomy":"category","embeddable":true,"href":"https:\/\/www.focolare.org\/es\/wp-json\/wp\/v2\/categories?post=309718"},{"taxonomy":"post_tag","embeddable":true,"href":"https:\/\/www.focolare.org\/es\/wp-json\/wp\/v2\/tags?post=309718"}],"curies":[{"name":"wp","href":"https:\/\/api.w.org\/{rel}","templated":true}]}}