{"id":309856,"date":"2018-08-18T14:10:01","date_gmt":"2018-08-18T12:10:01","guid":{"rendered":"https:\/\/www.focolare.org\/breve-historia-de-los-encuentros-mundiales-de-la-familia\/"},"modified":"2024-05-15T20:47:41","modified_gmt":"2024-05-15T18:47:41","slug":"breve-historia-de-los-encuentros-mundiales-de-la-familia","status":"publish","type":"post","link":"https:\/\/www.focolare.org\/es\/breve-historia-de-los-encuentros-mundiales-de-la-familia\/","title":{"rendered":"Breve historia de los Encuentros Mundiales de la Familia"},"content":{"rendered":"<p>A pocos d\u00edas del comienzo de la IX edici\u00f3n, que se desarrollar\u00e1 en Dubl\u00edn (Irlanda) en los d\u00edas 25-26 de agosto con el t\u00edtulo \u201cEl Evangelio de la familia: alegr\u00eda para el mundo\u201d, miles de familias de 196 Pa\u00edses se est\u00e1n preparando al encuentro con el Papa Francisco. Se espera medio mill\u00f3n de personas que participar\u00e1n a la misa conclusiva. Promovido por el nuevo Dicasterio para los Laicos, la Familia y la Vida, el evento ser\u00e1 precedido por un congreso pastoral de tres d\u00edas, al cual participar\u00e1n 37.000 familias.<\/p>\n","protected":false},"excerpt":{"rendered":"<p>A pocos d\u00edas del comienzo de la IX edici\u00f3n, que se desarrollar\u00e1 en Dubl\u00edn (Irlanda) en los d\u00edas 25-26 de agosto con el t\u00edtulo \u201cEl Evangelio de la familia: alegr\u00eda para el mundo\u201d, miles de familias de 196 Pa\u00edses se est\u00e1n preparando al encuentro con el Papa Francisco. Se espera medio mill\u00f3n de personas que [&hellip;]<\/p>\n","protected":false},"author":34,"featured_media":0,"comment_status":"open","ping_status":"open","sticky":false,"template":"","format":"standard","meta":{"give_campaign_id":0,"_seopress_robots_primary_cat":"","_seopress_titles_title":"","_seopress_titles_desc":"","_seopress_robots_index":"","_et_pb_use_builder":"","_et_pb_old_content":"","_et_gb_content_width":"","footnotes":""},"categories":[46],"tags":[],"class_list":["post-309856","post","type-post","status-publish","format-standard","hentry","category-sin-categorizar"],"_links":{"self":[{"href":"https:\/\/www.focolare.org\/es\/wp-json\/wp\/v2\/posts\/309856","targetHints":{"allow":["GET"]}}],"collection":[{"href":"https:\/\/www.focolare.org\/es\/wp-json\/wp\/v2\/posts"}],"about":[{"href":"https:\/\/www.focolare.org\/es\/wp-json\/wp\/v2\/types\/post"}],"author":[{"embeddable":true,"href":"https:\/\/www.focolare.org\/es\/wp-json\/wp\/v2\/users\/34"}],"replies":[{"embeddable":true,"href":"https:\/\/www.focolare.org\/es\/wp-json\/wp\/v2\/comments?post=309856"}],"version-history":[{"count":0,"href":"https:\/\/www.focolare.org\/es\/wp-json\/wp\/v2\/posts\/309856\/revisions"}],"wp:attachment":[{"href":"https:\/\/www.focolare.org\/es\/wp-json\/wp\/v2\/media?parent=309856"}],"wp:term":[{"taxonomy":"category","embeddable":true,"href":"https:\/\/www.focolare.org\/es\/wp-json\/wp\/v2\/categories?post=309856"},{"taxonomy":"post_tag","embeddable":true,"href":"https:\/\/www.focolare.org\/es\/wp-json\/wp\/v2\/tags?post=309856"}],"curies":[{"name":"wp","href":"https:\/\/api.w.org\/{rel}","templated":true}]}}