{"id":309860,"date":"2018-08-20T00:10:26","date_gmt":"2018-08-19T22:10:26","guid":{"rendered":"https:\/\/www.focolare.org\/un-verano-joven\/"},"modified":"2024-05-15T20:47:42","modified_gmt":"2024-05-15T18:47:42","slug":"un-verano-joven","status":"publish","type":"post","link":"https:\/\/www.focolare.org\/es\/un-verano-joven\/","title":{"rendered":"Un verano joven"},"content":{"rendered":"<p><strong><a href=\"https:\/\/twitter.com\/i\/status\/1018385872474005505\"><img alt=\"\" alt=\"\" loading=\"lazy\" decoding=\"async\" class=\"alignleft wp-image-169806\" src=\"https:\/\/www.focolare.org\/wp-content\/uploads\/2018\/08\/20180820-02.jpg\" alt=\"\" width=\"320\" height=\"178\" \/><\/a>\u00abEste a\u00f1o hemos realizado nuestro Youth Camp en Mafikeng, <a href=\"https:\/\/www.focolare.org\/es\/focolare-worldwide\/africa\/sud-africa\/\">Sud\u00e1frica<\/a>,<\/strong> simult\u00e1neamente con el Genfest de las Filipinas, con participantes de Zimbabwe, Malawi, Zambia, Lesotho y Sud\u00e1frica. La presencia de j\u00f3venes provenientes de varios pa\u00edses era ya por s\u00ed solo un signo visible de nuestro deseo de superar los confines personales y culturales\u00bb.  Mafikeng (hasta 1980 Mafeking) es la capital, como as\u00ed tambi\u00e9n un centro comercial, de la provincia del Noroeste, fundada en 1885 como avanzada militar brit\u00e1nica. Actualmente es una etapa importante en la l\u00ednea ferroviaria que va desde Ciudad del Cabo a Zimbabwe. \u00abFue muy interesante y divertido tambi\u00e9n descubrir cu\u00e1n distintas son nuestras culturas y que es posible amarse rec\u00edprocamente en nuestras diversidades. Aprend\u00ed muchas cosas \u2013 escribe Teddy, de Zambia \u2013 que no quiero guardar s\u00f3lo para m\u00ed, sino que quiero compartir con mis hermanos. El Youth Camp \u2013 lo dice Nkosiphile de Zimbabwe \u2013 me abri\u00f3 los ojos. No veo la hora de poner en pr\u00e1ctica todo lo que aprend\u00ed\u00bb.  <strong><img alt=\"\" alt=\"\" loading=\"lazy\" decoding=\"async\" class=\"alignright wp-image-169801\" src=\"https:\/\/www.focolare.org\/wp-content\/uploads\/2018\/08\/Genfest2018_Albania.jpg\" alt=\"\" width=\"250\" height=\"250\" \/>Simult\u00e1neamente a la manifestaci\u00f3n de las Filipinas, se llev\u00f3 a cabo otra en <a href=\"https:\/\/www.focolare.org\/es\/focolare-worldwide\/europa\/albania\/\">Albania<\/a><\/strong>, con alrededor de 120 partecipantes, cristianos, musulmanes y no creyentes, provenientes de varias partes y ciudades de Albania, junto a j\u00f3venes de Skopije (Macedonia) y una joven alemana de Stuttgart. \u00abComo un entrelazado, pasando de lo local a lo global, realizamos cuatro workshops en el \u00e1mbito de la econom\u00eda civil, y de la cultura de la legalidad, adem\u00e1s de otros temas como los prejuicios, las relaciones interpersonales y las redes sociales, con la presencia de expertos italianos y albaneses. Visitamos a personas discapacitadas y sin techo, y conocimos algunas realidades ecum\u00e9nicas e interreligiosas de la capital Tirana.  La visita a la Catedral, acompa\u00f1ados por el obispo de la Iglesia ortodoxa de Albania, a la Mezquita y al Centro Nacional de las Iglesias evang\u00e9licas fue seguida por un \u201cflash mob\u201d realizado por todos los j\u00f3venes en el Parku Rinja, en el centro de la ciudad. El Genfest fue acompa\u00f1ado por momentos de fiesta y oraci\u00f3n, en un clima de alegr\u00eda. Sirvi\u00f3 para poner en red a j\u00f3venes del norte y del sur del pa\u00eds, para hacerlos experimentar la internacionalidad de las nuevas generaciones, de por s\u00ed llevadas a superar los l\u00edmites. Una nota caracter\u00edstica fue la de trabajar junto con la Iglesia de Albania en un recorrido hacia el S\u00ednodo sobre los j\u00f3venes, y una etapa importante para retomar muchas relaciones con cristianos de otras iglesias y con musulmanes, con quienes ahora queremos continuar en un camino de di\u00e1logo\u00bb.  <strong><a href=\"https:\/\/www.focolare.org\/wp-content\/uploads\/2018\/08\/Genfest2018_Bragan\u00e7a.jpg\"><img alt=\"\" alt=\"\" loading=\"lazy\" decoding=\"async\" class=\"wp-image-169802 alignleft\" src=\"https:\/\/www.focolare.org\/wp-content\/uploads\/2018\/08\/Genfest2018_Bragan\u00e7a.jpg\" alt=\"\" width=\"250\" height=\"444\" \/><\/a>Bragan\u00e7a, en la zona del nordeste de<a href=\"https:\/\/www.focolare.org\/es\/focolare-worldwide\/america-sud\/brasile\/\"> Brasil<\/a>, es la ciudad en donde se llev\u00f3 a cabo el Genfest para 300 j\u00f3venes<\/strong> provenientes de distintos lugares del Estado de Par\u00e1, que comprende una gran parte del Parque nacional de la Amazonia. \u00abMuchos de ellos \u2013 escriben \u2013 ten\u00edan el primer contacto con la comunidad de los Focolares. En el programa, adem\u00e1s de mucha m\u00fasica, incluimos muchos testimonios, la visita y la participaci\u00f3n a algunos proyectos sociales de la ciudad, como la Fazenda da Esperan\u00e7a, un hospital, un grupo ecum\u00e9nico, y otras actividades que nos ayudaron a entrar en el verdadero esp\u00edritu de esta manifestaci\u00f3n. Luego, ilustramos el \u201cProyecto Mundo Unido\u201d y la propuesta de Manila, \u201cRecorridos para la unidad\u201d\u00bb. En la orilla opuesta del R\u00edo Amazonas, en Macap\u00e0, otro Genfest acogi\u00f3 a 140 j\u00f3venes, \u00abUna experiencia \u00fanica, que hemos podido realizar gracias al apoyo de todos los miembros de los Focolares, que nos sostuvieron desde el comienzo. A pesar de las dificultades, consideramos que nuestro objetivo fue alcanzado: \u201cm\u00e1s all\u00e1 de los confines\u201d\u00bb.<\/p>\n","protected":false},"excerpt":{"rendered":"<p>No s\u00f3lo Manila. En algunos pa\u00edses del mundo se desarrollaron Genfest locales, an\u00e1logas experiencias para j\u00f3venes de latitudes y culturas distintas. Citamos algunos de ellos.<\/p>\n","protected":false},"author":34,"featured_media":0,"comment_status":"open","ping_status":"open","sticky":false,"template":"","format":"standard","meta":{"give_campaign_id":0,"_seopress_robots_primary_cat":"","_seopress_titles_title":"","_seopress_titles_desc":"","_seopress_robots_index":"","_et_pb_use_builder":"","_et_pb_old_content":"","_et_gb_content_width":"","footnotes":""},"categories":[904],"tags":[],"class_list":["post-309860","post","type-post","status-publish","format-standard","hentry","category-focolare-worldwide-2-2"],"_links":{"self":[{"href":"https:\/\/www.focolare.org\/es\/wp-json\/wp\/v2\/posts\/309860","targetHints":{"allow":["GET"]}}],"collection":[{"href":"https:\/\/www.focolare.org\/es\/wp-json\/wp\/v2\/posts"}],"about":[{"href":"https:\/\/www.focolare.org\/es\/wp-json\/wp\/v2\/types\/post"}],"author":[{"embeddable":true,"href":"https:\/\/www.focolare.org\/es\/wp-json\/wp\/v2\/users\/34"}],"replies":[{"embeddable":true,"href":"https:\/\/www.focolare.org\/es\/wp-json\/wp\/v2\/comments?post=309860"}],"version-history":[{"count":0,"href":"https:\/\/www.focolare.org\/es\/wp-json\/wp\/v2\/posts\/309860\/revisions"}],"wp:attachment":[{"href":"https:\/\/www.focolare.org\/es\/wp-json\/wp\/v2\/media?parent=309860"}],"wp:term":[{"taxonomy":"category","embeddable":true,"href":"https:\/\/www.focolare.org\/es\/wp-json\/wp\/v2\/categories?post=309860"},{"taxonomy":"post_tag","embeddable":true,"href":"https:\/\/www.focolare.org\/es\/wp-json\/wp\/v2\/tags?post=309860"}],"curies":[{"name":"wp","href":"https:\/\/api.w.org\/{rel}","templated":true}]}}