{"id":309876,"date":"2018-08-23T23:10:21","date_gmt":"2018-08-23T21:10:21","guid":{"rendered":"https:\/\/www.focolare.org\/evangelio-vivido-corazon-de-madre\/"},"modified":"2024-05-15T20:47:44","modified_gmt":"2024-05-15T18:47:44","slug":"evangelio-vivido-corazon-de-madre","status":"publish","type":"post","link":"https:\/\/www.focolare.org\/es\/evangelio-vivido-corazon-de-madre\/","title":{"rendered":"Evangelio vivido: coraz\u00f3n de madre"},"content":{"rendered":"<p><strong>Droga en la escuela<\/strong> Ten\u00eda que hacerme cargo de un alumno que hab\u00eda utilizado estupefacientes. En este caso se les castiga con una semana de expulsi\u00f3n de las clases. Para evitar el riesgo que esto le permitiera tener todav\u00eda m\u00e1s tiempo para estar en malas compa\u00f1\u00edas, organic\u00e9 las cosas de modo que durante ese per\u00edodo pudiera frecuentar una comunidad y la escuela, donde ten\u00eda permiso de venir, y todo el tiempo lo pas\u00e9 con \u00e9l en la biblioteca. Lo ayud\u00e9 a proseguir con el programa que se desarrollaba en las clases, para que no se atrasara. Fue un trabajo muy comprometedor que me ayud\u00f3 a comprender qu\u00e9 quiere decir amar concretamente al pr\u00f3jimo. M.M. \u2013 <a href=\"https:\/\/www.focolare.org\/es\/focolare-worldwide\/europa\/spagna\/\">Espa\u00f1a<\/a>  <strong>Nuevo estilo en casa<\/strong> Junto con otra pareja llevamos adelante encuentros para novios. Un d\u00eda, antes de ir a una de estas reuniones, estall\u00f3 una pelea con nuestro hijo. Mi esposa y yo nos fuimos igualmente, pero no est\u00e1bamos tranquilos. Despu\u00e9s de algunos kil\u00f3metros de viaje comprendimos claramente que as\u00ed no ten\u00edamos nada que ofrecer a los novios. Detuvimos el auto, y llamamos por tel\u00e9fono a nuestro hijo para pedirle perd\u00f3n por la forma como nos hab\u00edamos comportado. Pero una vez que hab\u00edamos retomado el camino, mi esposa me hizo notar el tono acelerado con el que le hab\u00eda hablado. Empez\u00f3 entonces una discusi\u00f3n entre nosotros. Despu\u00e9s de otros kil\u00f3metros de camino tomamos conciencia de que no est\u00e1bamos en grado de dar un testimonio de amor rec\u00edproco. Entonces llamamos por tel\u00e9fono a la otra pareja para avisar que est\u00e1bamos regresando. Apenas entramos en casa, le explicamos a nuestro hijo, quien estaba sorprendido, el por qu\u00e9 hab\u00edamos regresado. La lecci\u00f3n nos sirvi\u00f3 para establecer en la familia un estilo de vida diferente. K.E. \u2013 <a href=\"https:\/\/www.focolare.org\/es\/focolare-worldwide\/europa\/repubblica-ceca\/\">Rep\u00fablica Checa<\/a>  <strong>Paseo escolar<\/strong> Mientras estaba en un paseo, durante el picnic me di cuenta de que muchos de mis compa\u00f1eros botaban la comida intacta. Para m\u00ed fue un shock. Al d\u00eda siguiente, durante el almuerzo, me adelant\u00e9 y pasando entre mis compa\u00f1eros recuper\u00e9 la comida que no hab\u00edan tocado, con la que llen\u00e9 una bolsa que llev\u00e9 a algunos indigentes que estaban en un lugar cercano. N. \u2013 <a href=\"https:\/\/www.focolare.org\/es\/focolare-worldwide\/europa\/italia\/\">Italia<\/a>  <strong>Traslado<\/strong> Despu\u00e9s de 35 a\u00f1os de servicio el obispo me pidi\u00f3 que me transfiriera a otra parroquia. De consecuencia pas\u00e9 un momento de oscuridad interior, que viv\u00ed en oraci\u00f3n. Despu\u00e9s entend\u00ed que no ten\u00eda que ver las cosas s\u00f3lo desde mi punto de vista. Y le pude dar mi disponibilidad. \u00a0De repente el temor que sent\u00eda ante la novedad y la preocupaci\u00f3n por mi salud desaparecieron. Me pareci\u00f3 claro que no era un favor que le estaba haciendo a nadie sino una gracia que estaba recibiendo. Con este estado de \u00e1nimo la vida en la nueva parroquia empez\u00f3 con un fundamento mucho m\u00e1s s\u00f3lido, distinto de cuando hab\u00eda empezado el ministerio, tantos a\u00f1os atr\u00e1s, cuando era un sacerdote joven. E.B. \u2013 <a href=\"https:\/\/www.focolare.org\/es\/focolare-worldwide\/europa\/slovenia\/\">Eslovenia<\/a>  <strong>Un peque\u00f1o gesto de amor<\/strong> Me enter\u00e9 que un colega hab\u00eda sido internado. Durante algunos meses, todos los fines de semana, al regresar de un curso que estaba haciendo en otra ciudad, iba a visitarlo. Sus pap\u00e1s hab\u00edan llegado de otra regi\u00f3n para estar cerca de \u00e9l. Pens\u00e9 que para ellos ser\u00eda un alivio ir a cenar una noche a la pizzer\u00eda. Esa noche trat\u00e9 de hacer m\u00eda toda la ansiedad que ten\u00edan y al regreso los acompa\u00f1\u00e9 al lugar donde estaban alojados. Me contaron que desde el d\u00eda que hab\u00edan internado a su hijo no hab\u00edan pasado una velada tan bella. A. \u2013 Italia<\/p>\n","protected":false},"excerpt":{"rendered":"<p>El amor de Dios, fiel y para siempre, nos abre tambi\u00e9n a nosotros el camino de la acogida.<\/p>\n","protected":false},"author":34,"featured_media":0,"comment_status":"open","ping_status":"open","sticky":false,"template":"","format":"standard","meta":{"give_campaign_id":0,"_seopress_robots_primary_cat":"","_seopress_titles_title":"","_seopress_titles_desc":"","_seopress_robots_index":"","_et_pb_use_builder":"","_et_pb_old_content":"","_et_gb_content_width":"","footnotes":""},"categories":[46],"tags":[],"class_list":["post-309876","post","type-post","status-publish","format-standard","hentry","category-sin-categorizar"],"_links":{"self":[{"href":"https:\/\/www.focolare.org\/es\/wp-json\/wp\/v2\/posts\/309876","targetHints":{"allow":["GET"]}}],"collection":[{"href":"https:\/\/www.focolare.org\/es\/wp-json\/wp\/v2\/posts"}],"about":[{"href":"https:\/\/www.focolare.org\/es\/wp-json\/wp\/v2\/types\/post"}],"author":[{"embeddable":true,"href":"https:\/\/www.focolare.org\/es\/wp-json\/wp\/v2\/users\/34"}],"replies":[{"embeddable":true,"href":"https:\/\/www.focolare.org\/es\/wp-json\/wp\/v2\/comments?post=309876"}],"version-history":[{"count":0,"href":"https:\/\/www.focolare.org\/es\/wp-json\/wp\/v2\/posts\/309876\/revisions"}],"wp:attachment":[{"href":"https:\/\/www.focolare.org\/es\/wp-json\/wp\/v2\/media?parent=309876"}],"wp:term":[{"taxonomy":"category","embeddable":true,"href":"https:\/\/www.focolare.org\/es\/wp-json\/wp\/v2\/categories?post=309876"},{"taxonomy":"post_tag","embeddable":true,"href":"https:\/\/www.focolare.org\/es\/wp-json\/wp\/v2\/tags?post=309876"}],"curies":[{"name":"wp","href":"https:\/\/api.w.org\/{rel}","templated":true}]}}